{"id":151256,"date":"2018-09-08T15:12:06","date_gmt":"2018-09-08T18:12:06","guid":{"rendered":"https:\/\/www.redenoticia.com.br\/noticia\/?p=151256"},"modified":"2018-09-08T15:12:06","modified_gmt":"2018-09-08T18:12:06","slug":"resumo-novela-o-tempo-nao-para-10-09-marocas-invade-a-samvita-e-enfrenta-betina","status":"publish","type":"post","link":"https:\/\/migracao.redenoticia.com.br\/noticia\/2018\/resumo-novela-o-tempo-nao-para-10-09-marocas-invade-a-samvita-e-enfrenta-betina\/151256","title":{"rendered":"Resumo novela \u201cO Tempo N\u00e3o Para\u201d 10\/09: Marocas invade a Samvita e enfrenta Betina"},"content":{"rendered":"<p> <img loading=\"lazy\" decoding=\"async\" class=\"alignleft size-thumbnail wp-image-148135\" src=\"https:\/\/migracao.redenoticia.com.br\/noticia\/imagens\/o-tempo-nao-para-novela-resumo-150x112.jpg\" alt=\"\" width=\"150\" height=\"112\" srcset=\"https:\/\/migracao.redenoticia.com.br\/noticia\/imagens\/o-tempo-nao-para-novela-resumo-150x112.jpg 150w, https:\/\/migracao.redenoticia.com.br\/noticia\/imagens\/o-tempo-nao-para-novela-resumo-265x198.jpg 265w, https:\/\/migracao.redenoticia.com.br\/noticia\/imagens\/o-tempo-nao-para-novela-resumo-485x360.jpg 485w\" sizes=\"auto, (max-width: 150px) 100vw, 150px\" \/><strong><em>Resumo novela \u201cO Tempo N\u00e3o Para\u201d 10\/09 <\/em><\/strong>: no cap\u00edtulo 036(*) da novela \u201cO Tempo N\u00e3o Para\u201d, resumo segunda-feira, 10 de setembro, Marocas fica incomodada com a boate. Samuca tenta tranquilizar Marocas, quando Betina se aproxima do casal. Betina tenta convencer Samuca e Marocas a irem para a \u00e1rea VIP. Agustina acorda assustada e Dom Sabino tenta acalmar a esposa. Betina sabota a bebida de Marocas, sem que ningu\u00e9m perceba. Betina se diverte ao ver Marocas passar mal. Igor tenta ajudar Samuca com a noiva.<\/p>\n<p>Zelda repreende Betina. Samuca leva Marocas \u00e0 casa de Helen e tenta se entender com Bento. Samuca pede a ajuda de Helen e explica seu plano para Vanda e Carmen. Betina chega \u00e0 Samvita com Em\u00edlio. Samuca exige que Betina fale com Helen. Marocas invade a Samvita e enfrenta Betina.<\/p>\n<p>(*) edi\u00e7\u00e3o da Rede Globo, Novela \u201cO Tempo N\u00e3o Para\u201d, sujeito a altera\u00e7\u00e3o de data e conte\u00fado.<\/p>\n<p>Anos de avan\u00e7os e descobertas que moldaram costumes, h\u00e1bitos e linguagens da sociedade contempor\u00e2nea v\u00e3o gerar um choque em uma abastada fam\u00edlia do s\u00e9culo XIX que desperta no s\u00e9culo XXI. Por 132 anos, os Sabino Machado e seus agregados ficaram congelados, dentro de um bloco de gelo, enquanto a vida l\u00e1 fora passava. Agora, v\u00e3o despertar em uma S\u00e3o Paulo pulsante e turbulenta e se deparar com a sociedade em pleno 2018. &#8220;O Tempo N\u00e3o Para&#8221;, nova novela das 7, \u00e9 escrita por Mario Teixeira e tem dire\u00e7\u00e3o art\u00edstica de Leonardo Nogueira.<\/p>\n","protected":false},"excerpt":{"rendered":"<p>Resumo novela \u201cO Tempo N\u00e3o Para\u201d 10\/09 : no cap\u00edtulo 036(*) da novela \u201cO Tempo N\u00e3o Para\u201d, resumo segunda-feira, 10 de setembro, Marocas fica incomodada com a boate. Samuca tenta tranquilizar Marocas, quando Betina se aproxima do casal. Betina tenta convencer Samuca e Marocas a irem para a \u00e1rea VIP. Agustina acorda assustada e Dom [&hellip;]<\/p>\n","protected":false},"author":2,"featured_media":148678,"comment_status":"open","ping_status":"closed","sticky":false,"template":"","format":"standard","meta":{"tdm_status":"","tdm_grid_status":"","footnotes":""},"categories":[379,490,375,343],"tags":[441],"class_list":{"0":"post-151256","1":"post","2":"type-post","3":"status-publish","4":"format-standard","5":"has-post-thumbnail","7":"category-novelas","8":"category-o-tempo-nao-para","9":"category-rede-globo","10":"category-televisao","11":"tag-resumo-do-dia"},"_links":{"self":[{"href":"https:\/\/migracao.redenoticia.com.br\/noticia\/wp-json\/wp\/v2\/posts\/151256","targetHints":{"allow":["GET"]}}],"collection":[{"href":"https:\/\/migracao.redenoticia.com.br\/noticia\/wp-json\/wp\/v2\/posts"}],"about":[{"href":"https:\/\/migracao.redenoticia.com.br\/noticia\/wp-json\/wp\/v2\/types\/post"}],"author":[{"embeddable":true,"href":"https:\/\/migracao.redenoticia.com.br\/noticia\/wp-json\/wp\/v2\/users\/2"}],"replies":[{"embeddable":true,"href":"https:\/\/migracao.redenoticia.com.br\/noticia\/wp-json\/wp\/v2\/comments?post=151256"}],"version-history":[{"count":0,"href":"https:\/\/migracao.redenoticia.com.br\/noticia\/wp-json\/wp\/v2\/posts\/151256\/revisions"}],"wp:featuredmedia":[{"embeddable":true,"href":"https:\/\/migracao.redenoticia.com.br\/noticia\/wp-json\/wp\/v2\/media\/148678"}],"wp:attachment":[{"href":"https:\/\/migracao.redenoticia.com.br\/noticia\/wp-json\/wp\/v2\/media?parent=151256"}],"wp:term":[{"taxonomy":"category","embeddable":true,"href":"https:\/\/migracao.redenoticia.com.br\/noticia\/wp-json\/wp\/v2\/categories?post=151256"},{"taxonomy":"post_tag","embeddable":true,"href":"https:\/\/migracao.redenoticia.com.br\/noticia\/wp-json\/wp\/v2\/tags?post=151256"}],"curies":[{"name":"wp","href":"https:\/\/api.w.org\/{rel}","templated":true}]}}