{"id":151304,"date":"2018-09-09T23:24:03","date_gmt":"2018-09-10T02:24:03","guid":{"rendered":"https:\/\/www.redenoticia.com.br\/noticia\/?p=151304"},"modified":"2018-09-09T23:24:26","modified_gmt":"2018-09-10T02:24:26","slug":"premio-longevidade-2018-esta-com-inscricoes-abertas","status":"publish","type":"post","link":"https:\/\/migracao.redenoticia.com.br\/noticia\/2018\/premio-longevidade-2018-esta-com-inscricoes-abertas\/151304","title":{"rendered":"Pr\u00eamio Longevidade 2018 est\u00e1 com inscri\u00e7\u00f5es abertas"},"content":{"rendered":"<p> Ag\u00eancia FAPESP\u00a0\u2013 O <strong><em>Pr\u00eamio Longevidade 2018<\/em><\/strong>, patrocinado pela Bradesco Seguros, escolhe os melhores projetos na categoria pesquisa cient\u00edfica nas modalidades Geriatria e Gerontologia. As inscri\u00e7\u00f5es est\u00e3o abertas at\u00e9 dia 28 de setembro de 2018. O primeiro lugar em cada uma das categorias, incluindo jornalismo e hist\u00f3ria de vida, receber\u00e1 R$ 10 mil para aquisi\u00e7\u00e3o de produtos ou servi\u00e7os \u00e0 escolha dos vencedores. Os segundos lugares receber\u00e3o R$ 5 mil.<\/p>\n<p>Segundo os organizadores, o objetivo do pr\u00eamio \u00e9 \u201creconhecer o ambiente acad\u00eamico como criador e difusor de conhecimento do tema da longevidade e aprimorar a consci\u00eancia da sociedade a respeito do assunto\u201d.<\/p>\n<p>Podem participar pesquisadores pessoas f\u00edsicas, comprovadamente residentes no Brasil. Os projetos de pesquisa dever\u00e3o ter sido desenvolvidos de 1\u00ba de janeiro de 2008 a 28 de setembro de 2018 e aprovados por ag\u00eancias de fomento nacionais ou estaduais nas \u00e1reas de conhecimento existentes nessas ag\u00eancias e que remetam ao tema longevidade no sentido amplo.<\/p>\n<p>As inscri\u00e7\u00f5es podem ser feitas pelo site do pr\u00eamio.<\/p>\n<p>Mais informa\u00e7\u00f5es:\u00a0. <\/p>\n","protected":false},"excerpt":{"rendered":"<p>Ag\u00eancia FAPESP\u00a0\u2013 O Pr\u00eamio Longevidade 2018, patrocinado pela Bradesco Seguros, escolhe os melhores projetos na categoria pesquisa cient\u00edfica nas modalidades Geriatria e Gerontologia. As inscri\u00e7\u00f5es est\u00e3o abertas at\u00e9 dia 28 de setembro de 2018. O primeiro lugar em cada uma das categorias, incluindo jornalismo e hist\u00f3ria de vida, receber\u00e1 R$ 10 mil para aquisi\u00e7\u00e3o de [&hellip;]<\/p>\n","protected":false},"author":2,"featured_media":148273,"comment_status":"open","ping_status":"closed","sticky":false,"template":"","format":"standard","meta":{"tdm_status":"","tdm_grid_status":"","footnotes":""},"categories":[370,353],"tags":[],"class_list":{"0":"post-151304","1":"post","2":"type-post","3":"status-publish","4":"format-standard","5":"has-post-thumbnail","7":"category-inscricao","8":"category-oportunidades"},"_links":{"self":[{"href":"https:\/\/migracao.redenoticia.com.br\/noticia\/wp-json\/wp\/v2\/posts\/151304","targetHints":{"allow":["GET"]}}],"collection":[{"href":"https:\/\/migracao.redenoticia.com.br\/noticia\/wp-json\/wp\/v2\/posts"}],"about":[{"href":"https:\/\/migracao.redenoticia.com.br\/noticia\/wp-json\/wp\/v2\/types\/post"}],"author":[{"embeddable":true,"href":"https:\/\/migracao.redenoticia.com.br\/noticia\/wp-json\/wp\/v2\/users\/2"}],"replies":[{"embeddable":true,"href":"https:\/\/migracao.redenoticia.com.br\/noticia\/wp-json\/wp\/v2\/comments?post=151304"}],"version-history":[{"count":0,"href":"https:\/\/migracao.redenoticia.com.br\/noticia\/wp-json\/wp\/v2\/posts\/151304\/revisions"}],"wp:featuredmedia":[{"embeddable":true,"href":"https:\/\/migracao.redenoticia.com.br\/noticia\/wp-json\/wp\/v2\/media\/148273"}],"wp:attachment":[{"href":"https:\/\/migracao.redenoticia.com.br\/noticia\/wp-json\/wp\/v2\/media?parent=151304"}],"wp:term":[{"taxonomy":"category","embeddable":true,"href":"https:\/\/migracao.redenoticia.com.br\/noticia\/wp-json\/wp\/v2\/categories?post=151304"},{"taxonomy":"post_tag","embeddable":true,"href":"https:\/\/migracao.redenoticia.com.br\/noticia\/wp-json\/wp\/v2\/tags?post=151304"}],"curies":[{"name":"wp","href":"https:\/\/api.w.org\/{rel}","templated":true}]}}