{"id":151343,"date":"2018-09-09T23:15:09","date_gmt":"2018-09-10T02:15:09","guid":{"rendered":"https:\/\/www.redenoticia.com.br\/noticia\/?p=151343"},"modified":"2018-09-11T22:08:28","modified_gmt":"2018-09-12T01:08:28","slug":"novela-a-terra-prometida-resumo-11-09-raabe-fala-do-deus-dos-hebreus","status":"publish","type":"post","link":"https:\/\/migracao.redenoticia.com.br\/noticia\/2018\/novela-a-terra-prometida-resumo-11-09-raabe-fala-do-deus-dos-hebreus\/151343","title":{"rendered":"Novela \u201cA Terra Prometida\u201d resumo 11\/09: Raabe fala do Deus dos hebreus"},"content":{"rendered":"<p> <img loading=\"lazy\" decoding=\"async\" src=\"https:\/\/migracao.redenoticia.com.br\/noticia\/imagens\/a-terra-prometida-resumo-novela-150x112.jpg\" alt=\"\" width=\"150\" height=\"112\" class=\"alignleft size-thumbnail wp-image-148139\" srcset=\"https:\/\/migracao.redenoticia.com.br\/noticia\/imagens\/a-terra-prometida-resumo-novela-150x112.jpg 150w, https:\/\/migracao.redenoticia.com.br\/noticia\/imagens\/a-terra-prometida-resumo-novela-265x198.jpg 265w, https:\/\/migracao.redenoticia.com.br\/noticia\/imagens\/a-terra-prometida-resumo-novela-485x360.jpg 485w, https:\/\/migracao.redenoticia.com.br\/noticia\/imagens\/a-terra-prometida-resumo-novela-534x403.jpg 534w\" sizes=\"auto, (max-width: 150px) 100vw, 150px\" \/><em><strong>Novela \u201cA Terra Prometida\u201d resumo 11\/09<\/strong><\/em>: no capitulo 035 (*) da novela \u201cA Terra Prometida\u201d, ter\u00e7a-feira, 11 de setembro, em Jeric\u00f3, Marek afirma que o Deus dos hebreus n\u00e3o passa de uma lenda. Diante dos l\u00edderes tribais, Josu\u00e9 fala sobre a conversa que teve com Deus. Ele avisa que todos dever\u00e3o acampar \u00e0s margens do rio Jord\u00e3o, pois a travessia est\u00e1 pr\u00f3xima. Diante de Marek e Kalesi, Tibar conta sobre a conversa com Ac\u00e3. O rei diz ser imposs\u00edvel os hebreus atravessarem o Jord\u00e3o. <\/p>\n<p>Sem Galimedes, Kalu avisa que os Lagartos Gosmentos precisam de um novo l\u00edder. Raabe fala do Deus dos hebreus e Orias a repreende. Marek mostra confian\u00e7a nos deuses de Jeric\u00f3. Calebe conversa com Gibar, Tobias, Acsa e Iru. Ele avisa sobre a nova ordem de Josu\u00e9.  <\/p>\n<p>(*) edi\u00e7\u00e3o da Rede Record, Novela \u201cA Terra Prometida\u201d, sujeito a altera\u00e7\u00e3o de data e conte\u00fado.<\/p>\n<p>\u201cA Terra Prometida\u201d &#8211; Ap\u00f3s a morte de Mois\u00e9s, Josu\u00e9 \u00e9 o novo l\u00edder dos hebreus. Ele \u00e9 um guerreiro experiente, dotado de coragem, determina\u00e7\u00e3o e de uma f\u00e9 poderosa. Mas n\u00e3o \u00e9 tarefa f\u00e1cil conduzir um povo ao seu destino! Com seus aliados mais pr\u00f3ximos e de confian\u00e7a, o sacerdote levita Eleazar e o l\u00edder da tribo Jud\u00e1 Calebe, Josu\u00e9 tem que cumprir uma dif\u00edcil miss\u00e3o ordenada por Deus: comandar as doze tribos de Israel na conquista de Cana\u00e3, \u201cA Terra Prometida\u201d.<\/p>\n","protected":false},"excerpt":{"rendered":"<p>Novela \u201cA Terra Prometida\u201d resumo 11\/09: no capitulo 035 (*) da novela \u201cA Terra Prometida\u201d, ter\u00e7a-feira, 11 de setembro, em Jeric\u00f3, Marek afirma que o Deus dos hebreus n\u00e3o passa de uma lenda. Diante dos l\u00edderes tribais, Josu\u00e9 fala sobre a conversa que teve com Deus. Ele avisa que todos dever\u00e3o acampar \u00e0s margens do [&hellip;]<\/p>\n","protected":false},"author":2,"featured_media":148139,"comment_status":"open","ping_status":"closed","sticky":false,"template":"","format":"standard","meta":{"tdm_status":"","tdm_grid_status":"","footnotes":""},"categories":[446,379,371,343],"tags":[441],"class_list":{"0":"post-151343","1":"post","2":"type-post","3":"status-publish","4":"format-standard","5":"has-post-thumbnail","7":"category-a-terra-prometida","8":"category-novelas","9":"category-rede-record","10":"category-televisao","11":"tag-resumo-do-dia"},"_links":{"self":[{"href":"https:\/\/migracao.redenoticia.com.br\/noticia\/wp-json\/wp\/v2\/posts\/151343","targetHints":{"allow":["GET"]}}],"collection":[{"href":"https:\/\/migracao.redenoticia.com.br\/noticia\/wp-json\/wp\/v2\/posts"}],"about":[{"href":"https:\/\/migracao.redenoticia.com.br\/noticia\/wp-json\/wp\/v2\/types\/post"}],"author":[{"embeddable":true,"href":"https:\/\/migracao.redenoticia.com.br\/noticia\/wp-json\/wp\/v2\/users\/2"}],"replies":[{"embeddable":true,"href":"https:\/\/migracao.redenoticia.com.br\/noticia\/wp-json\/wp\/v2\/comments?post=151343"}],"version-history":[{"count":0,"href":"https:\/\/migracao.redenoticia.com.br\/noticia\/wp-json\/wp\/v2\/posts\/151343\/revisions"}],"wp:featuredmedia":[{"embeddable":true,"href":"https:\/\/migracao.redenoticia.com.br\/noticia\/wp-json\/wp\/v2\/media\/148139"}],"wp:attachment":[{"href":"https:\/\/migracao.redenoticia.com.br\/noticia\/wp-json\/wp\/v2\/media?parent=151343"}],"wp:term":[{"taxonomy":"category","embeddable":true,"href":"https:\/\/migracao.redenoticia.com.br\/noticia\/wp-json\/wp\/v2\/categories?post=151343"},{"taxonomy":"post_tag","embeddable":true,"href":"https:\/\/migracao.redenoticia.com.br\/noticia\/wp-json\/wp\/v2\/tags?post=151343"}],"curies":[{"name":"wp","href":"https:\/\/api.w.org\/{rel}","templated":true}]}}