{"id":151481,"date":"2018-09-11T14:43:45","date_gmt":"2018-09-11T17:43:45","guid":{"rendered":"https:\/\/www.redenoticia.com.br\/noticia\/?p=151481"},"modified":"2018-09-11T22:50:13","modified_gmt":"2018-09-12T01:50:13","slug":"resumo-novela-que-pobres-tao-ricos-12-09-minerva-e-isabela-vao-a-pensao-de-lupita","status":"publish","type":"post","link":"https:\/\/migracao.redenoticia.com.br\/noticia\/2018\/resumo-novela-que-pobres-tao-ricos-12-09-minerva-e-isabela-vao-a-pensao-de-lupita\/151481","title":{"rendered":"Resumo novela \u201cQue Pobres T\u00e3o Ricos\u201d 12\/09: Minerva e Isabela v\u00e3o na pens\u00e3o de Lupita"},"content":{"rendered":"<p><img loading=\"lazy\" decoding=\"async\" class=\"alignleft size-thumbnail wp-image-148670\" src=\"https:\/\/migracao.redenoticia.com.br\/noticia\/imagens\/que-pobres-tao-ricos-sbt-150x112.jpg\" alt=\"\" width=\"150\" height=\"112\" srcset=\"https:\/\/migracao.redenoticia.com.br\/noticia\/imagens\/que-pobres-tao-ricos-sbt-150x113.jpg 150w, https:\/\/migracao.redenoticia.com.br\/noticia\/imagens\/que-pobres-tao-ricos-sbt-250x187.jpg 250w, https:\/\/migracao.redenoticia.com.br\/noticia\/imagens\/que-pobres-tao-ricos-sbt.jpg 400w, https:\/\/migracao.redenoticia.com.br\/noticia\/imagens\/que-pobres-tao-ricos-sbt-265x198.jpg 265w\" sizes=\"auto, (max-width: 150px) 100vw, 150px\" \/><strong><em>Resumo novela \u201cQue Pobres T\u00e3o Ricos\u201d 12\/09 <\/em><\/strong>: no cap\u00edtulo 038(*) da novela \u201cQue Pobres T\u00e3o Ricos\u201d, resumo de quarta-feira, 12 de setembro, Minerva tenta descobrir onde vive Miguel \u00c2ngelo e pede ajuda a Tato. Bambi procura sua tia e pede que o esconda em sua casa. Ana Sofia decide dar aulas de etiqueta e bons modos na periferia. Sa\u00fal diz a Miguel que sua situa\u00e7\u00e3o \u00e9 muito complicada, mas far\u00e1 que estiver a seu alcance para ajud\u00e1-lo. Vilma comenta com Alex que est\u00e1 muito preocupada com o Bambi, pois teme que ele seja encontrado pela pol\u00edcia e fale das pessoas com as quais se relaciona. Alex diz que isso \u00e9 quase imposs\u00edvel, mas pede sua ajuda caso aconte\u00e7a alguma coisa.<\/p>\n<p>Nepomuceno conversa com Miguel sobre sua vida amorosa e ele fica triste ao saber o quanto ele j\u00e1 sofreu por amor. Frida pede a seus amigos do cursinho que se unam \u00e0 banda de Jos\u00e9. Os Mendon\u00e7a planejam uma viajem ao Santu\u00e1rio para agradecer todas as b\u00ean\u00e7\u00e3os do ano. Minerva e a m\u00e3e v\u00e3o at\u00e9 a periferia. Ana Sofia as v\u00ea de longe e tenta avisar o filho, mas o celular de Miguel est\u00e1 sem sinal o que a deixa muito angustiada Isabela e Minerva entram na pens\u00e3o e Miguel se assusta ao ouvi-las. Minerva e Isabela perguntam por Miguel \u00c2ngelo, mas Lupita afirma que n\u00e3o conhecem ningu\u00e9m com o sobrenome Ruizpalacios.<\/p>\n<p>Quando elas deixam, cruzam com Jos\u00e9 e Ivete e ouvem quando eles mencionam Frida. Indignadas elas voltam a pens\u00e3o e acusam Lupita de ter mentido, mas mesmo assim n\u00e3o conseguem nenhuma informa\u00e7\u00e3o. Miguel agradece a fam\u00edlia Mendon\u00e7a pela ajuda e tenta tranquilizar Lupita dizendo que nunca poderia haver nada entre ele e Minerva. Jos\u00e9 e Frida conversam sobre o futuro da banda e se beijam. Ivete v\u00ea a cena. Os Mendon\u00e7a est\u00e3o reunidos tentando descobrir quem foi que contou que os Ruizpal\u00e1cios est\u00e3o morando na pens\u00e3o. Frida diz que s\u00f3 pode ter sido Tato quem passou a informa\u00e7\u00e3o.<\/p>\n<p>(*) edi\u00e7\u00e3o do SBT, Novela \u201cQue Pobres T\u00e3o Ricos\u201d, sujeito a altera\u00e7\u00e3o de data e conte\u00fado.<\/p>\n<p>\u201cQue Pobres T\u00e3o Ricos\u201d \u00e9 uma hist\u00f3ria de amor, romance, encontros e desencontros e um sem n\u00famero de divertidos enredos entre duas fam\u00edlias que n\u00e3o tem nada em comum, mas que agora estar\u00e3o obrigadas a conviver na mesma casa. De um lado, os Ruizpalacios, milion\u00e1rios de linhagem, e do outro, os Menchaca, uma cl\u00e1ssica fam\u00edlia de bairro.<\/p>\n<p>Todo come\u00e7ou diante da incapacidade da av\u00f3 Mati Ruizpalacios, de seguir em frente da empresa familiar. E \u00e9 assim que Miguel \u00c2ngelo, seu neto consentido, que leva 11 anos vivendo em Londres, retorna ao M\u00e9xico para a leitura de uma cl\u00e1usula do testamento do seu av\u00f4 Don Aureliano, que dita: &#8220;Herdar\u00e1 o cons\u00f3rcio o primeiro de meus netos que esteja formalmente casado e tenha um filho var\u00e3o&#8221;.<\/p>\n<p>\u00c9 ent\u00e3o que, sem pretender, Miguel \u00c2ngelo ter\u00e1 em seu primo Alejo, um ambicioso inimigo que o envolver\u00e1 em uma fraude, e assim provocar\u00e1 que Miguel \u00c2ngelo e sua fam\u00edlia percam sua fortuna, al\u00e9m de todas suas propriedades, ficando s\u00f3 com um terreno na col\u00f4nia La Nopalera, onde, para sua surpresa, hoje vivem os Menchaca.<\/p>\n","protected":false},"excerpt":{"rendered":"<p>Resumo novela \u201cQue Pobres T\u00e3o Ricos\u201d 12\/09 : no cap\u00edtulo 038(*) da novela \u201cQue Pobres T\u00e3o Ricos\u201d, resumo de quarta-feira, 12 de setembro, Minerva tenta descobrir onde vive Miguel \u00c2ngelo e pede ajuda a Tato. Bambi procura sua tia e pede que o esconda em sua casa. Ana Sofia decide dar aulas de etiqueta e [&hellip;]<\/p>\n","protected":false},"author":4,"featured_media":148670,"comment_status":"open","ping_status":"closed","sticky":false,"template":"","format":"standard","meta":{"tdm_status":"","tdm_grid_status":"","footnotes":""},"categories":[379,372,343],"tags":[441],"class_list":{"0":"post-151481","1":"post","2":"type-post","3":"status-publish","4":"format-standard","5":"has-post-thumbnail","7":"category-novelas","8":"category-sbt","9":"category-televisao","10":"tag-resumo-do-dia"},"_links":{"self":[{"href":"https:\/\/migracao.redenoticia.com.br\/noticia\/wp-json\/wp\/v2\/posts\/151481","targetHints":{"allow":["GET"]}}],"collection":[{"href":"https:\/\/migracao.redenoticia.com.br\/noticia\/wp-json\/wp\/v2\/posts"}],"about":[{"href":"https:\/\/migracao.redenoticia.com.br\/noticia\/wp-json\/wp\/v2\/types\/post"}],"author":[{"embeddable":true,"href":"https:\/\/migracao.redenoticia.com.br\/noticia\/wp-json\/wp\/v2\/users\/4"}],"replies":[{"embeddable":true,"href":"https:\/\/migracao.redenoticia.com.br\/noticia\/wp-json\/wp\/v2\/comments?post=151481"}],"version-history":[{"count":0,"href":"https:\/\/migracao.redenoticia.com.br\/noticia\/wp-json\/wp\/v2\/posts\/151481\/revisions"}],"wp:featuredmedia":[{"embeddable":true,"href":"https:\/\/migracao.redenoticia.com.br\/noticia\/wp-json\/wp\/v2\/media\/148670"}],"wp:attachment":[{"href":"https:\/\/migracao.redenoticia.com.br\/noticia\/wp-json\/wp\/v2\/media?parent=151481"}],"wp:term":[{"taxonomy":"category","embeddable":true,"href":"https:\/\/migracao.redenoticia.com.br\/noticia\/wp-json\/wp\/v2\/categories?post=151481"},{"taxonomy":"post_tag","embeddable":true,"href":"https:\/\/migracao.redenoticia.com.br\/noticia\/wp-json\/wp\/v2\/tags?post=151481"}],"curies":[{"name":"wp","href":"https:\/\/api.w.org\/{rel}","templated":true}]}}