{"id":151483,"date":"2018-09-11T14:45:18","date_gmt":"2018-09-11T17:45:18","guid":{"rendered":"https:\/\/www.redenoticia.com.br\/noticia\/?p=151483"},"modified":"2018-09-11T14:45:18","modified_gmt":"2018-09-11T17:45:18","slug":"resumo-novela-as-aventuras-de-poliana-12-09-joao-conta-para-durval-sobre-seus-pais","status":"publish","type":"post","link":"https:\/\/migracao.redenoticia.com.br\/noticia\/2018\/resumo-novela-as-aventuras-de-poliana-12-09-joao-conta-para-durval-sobre-seus-pais\/151483","title":{"rendered":"Resumo novela \u201cAs Aventuras de Poliana\u201d 12\/09: Jo\u00e3o conta para Durval sobre seus pais"},"content":{"rendered":"<p><img loading=\"lazy\" decoding=\"async\" class=\"alignleft size-thumbnail wp-image-148201\" src=\"https:\/\/migracao.redenoticia.com.br\/noticia\/imagens\/poliana-150x112.jpg\" alt=\"\" width=\"150\" height=\"112\" srcset=\"https:\/\/migracao.redenoticia.com.br\/noticia\/imagens\/poliana-150x112.jpg 150w, https:\/\/migracao.redenoticia.com.br\/noticia\/imagens\/poliana-265x198.jpg 265w, https:\/\/migracao.redenoticia.com.br\/noticia\/imagens\/poliana-485x360.jpg 485w, https:\/\/migracao.redenoticia.com.br\/noticia\/imagens\/poliana-534x400.jpg 534w\" sizes=\"auto, (max-width: 150px) 100vw, 150px\" \/><strong><em>Resumo novela \u201cAs Aventuras de Poliana\u201d 12\/09 <\/em><\/strong>: no cap\u00edtulo 086(*) da novela \u201cAs Aventuras de Poliana\u201d, resumo de quarta-feira, 12 de setembro, Nanci se sente culpada por comer doces. Lu\u00edsa \u00e9 grossa com Poliana pela menina querer que a fam\u00edlia seja toda unida. Jo\u00e3o janta na padaria e conta para Durval sobre seus pais. Guilherme vai at\u00e9 a casa de Mirela para jantar com ela e Dona Branca. Lorena, M\u00e1rio, Gael e Ben\u00edcio v\u00e3o at\u00e9 a casa de Sr. Pendleton usando como desculpa a chuva. Elas acham que a marionete de Poliana \u00e9 a menina.<\/p>\n<p>Vini diz para Jeferson que teme que o pai, Lindomar, seja o Rato e chefe do crime. D\u00e9bora mente para Marcelo e diz que o rem\u00e9dio que estava tomando era para ajudar a engravidar. Marcelo n\u00e3o acredita. Filipa diz para Let\u00edcia e para g\u00eameas Mavi e Malu que precisam se vestir melhor. Iuri se infiltra no show de Sophie. Vini percebe que o pai n\u00e3o faz nada de errado. Nadine aparece na padaria aonde S\u00e9rgio e Joana lancham com Luigi. S\u00e9rgio se esconde.<\/p>\n<p>(*) edi\u00e7\u00e3o do SBT, Novela \u201cAs Aventuras de Poliana\u201d, sujeito a altera\u00e7\u00e3o de data e conte\u00fado.<\/p>\n<p>Poliana \u00e9 uma menina extrovertida e de bom cora\u00e7\u00e3o que viajava o Brasil com seus pais, Lorenzo e Alice, no grupo circense Trupe Vagalume. Aos onze anos a garota v\u00ea seu mundo desabar quando seus pais falecem e ela tem que ir morar em S\u00e3o Paulo com sua tia Lu\u00edsa, uma mulher rica e severa, a qual ela n\u00e3o conhecia e que n\u00e3o queria cuidar dela, embora sinta que \u00e9 sua obriga\u00e7\u00e3o pela alma de sua irm\u00e3. Apesar do jeito da rigidez da tia, Poliana decide ter uma vis\u00e3o positiva e inabal\u00e1vel da vida, mesmo nos momentos de dificuldade, tentando levar um pouco de felicidade para a vida de cada um dos seus novos amigos e vizinhos, como o Sr. Pendleton, um homem rico e infeliz por nunca ter tido filhos. Ela vai estudar no col\u00e9gio de Ruth, uma diretora de bom cora\u00e7\u00e3o que a ajuda a se adaptar, mas tem que lidar com as vilanias de Mirela, garota mais velha que n\u00e3o aceita perder a popularidade para uma novata.<\/p>\n","protected":false},"excerpt":{"rendered":"<p>Resumo novela \u201cAs Aventuras de Poliana\u201d 12\/09 : no cap\u00edtulo 086(*) da novela \u201cAs Aventuras de Poliana\u201d, resumo de quarta-feira, 12 de setembro, Nanci se sente culpada por comer doces. Lu\u00edsa \u00e9 grossa com Poliana pela menina querer que a fam\u00edlia seja toda unida. Jo\u00e3o janta na padaria e conta para Durval sobre seus pais. [&hellip;]<\/p>\n","protected":false},"author":4,"featured_media":148663,"comment_status":"open","ping_status":"closed","sticky":false,"template":"","format":"standard","meta":{"tdm_status":"","tdm_grid_status":"","footnotes":""},"categories":[477,379,372,343],"tags":[441],"class_list":{"0":"post-151483","1":"post","2":"type-post","3":"status-publish","4":"format-standard","5":"has-post-thumbnail","7":"category-as-aventuras-de-poliana","8":"category-novelas","9":"category-sbt","10":"category-televisao","11":"tag-resumo-do-dia"},"_links":{"self":[{"href":"https:\/\/migracao.redenoticia.com.br\/noticia\/wp-json\/wp\/v2\/posts\/151483","targetHints":{"allow":["GET"]}}],"collection":[{"href":"https:\/\/migracao.redenoticia.com.br\/noticia\/wp-json\/wp\/v2\/posts"}],"about":[{"href":"https:\/\/migracao.redenoticia.com.br\/noticia\/wp-json\/wp\/v2\/types\/post"}],"author":[{"embeddable":true,"href":"https:\/\/migracao.redenoticia.com.br\/noticia\/wp-json\/wp\/v2\/users\/4"}],"replies":[{"embeddable":true,"href":"https:\/\/migracao.redenoticia.com.br\/noticia\/wp-json\/wp\/v2\/comments?post=151483"}],"version-history":[{"count":0,"href":"https:\/\/migracao.redenoticia.com.br\/noticia\/wp-json\/wp\/v2\/posts\/151483\/revisions"}],"wp:featuredmedia":[{"embeddable":true,"href":"https:\/\/migracao.redenoticia.com.br\/noticia\/wp-json\/wp\/v2\/media\/148663"}],"wp:attachment":[{"href":"https:\/\/migracao.redenoticia.com.br\/noticia\/wp-json\/wp\/v2\/media?parent=151483"}],"wp:term":[{"taxonomy":"category","embeddable":true,"href":"https:\/\/migracao.redenoticia.com.br\/noticia\/wp-json\/wp\/v2\/categories?post=151483"},{"taxonomy":"post_tag","embeddable":true,"href":"https:\/\/migracao.redenoticia.com.br\/noticia\/wp-json\/wp\/v2\/tags?post=151483"}],"curies":[{"name":"wp","href":"https:\/\/api.w.org\/{rel}","templated":true}]}}