{"id":151485,"date":"2018-09-11T14:47:02","date_gmt":"2018-09-11T17:47:02","guid":{"rendered":"https:\/\/www.redenoticia.com.br\/noticia\/?p=151485"},"modified":"2018-09-11T22:50:53","modified_gmt":"2018-09-12T01:50:53","slug":"resumo-novela-chiquititas-12-09-o-aviao-com-tobias-e-maria-cecilia-cai","status":"publish","type":"post","link":"https:\/\/migracao.redenoticia.com.br\/noticia\/2018\/resumo-novela-chiquititas-12-09-o-aviao-com-tobias-e-maria-cecilia-cai\/151485","title":{"rendered":"Resumo novela \u201cChiquititas\u201d 12\/09: avi\u00e3o com Tobias e Maria Cec\u00edlia cai"},"content":{"rendered":"<p><img loading=\"lazy\" decoding=\"async\" class=\"alignleft size-thumbnail wp-image-148665\" src=\"https:\/\/migracao.redenoticia.com.br\/noticia\/imagens\/chiquititas-sbt-150x112.jpg\" alt=\"\" width=\"150\" height=\"112\" srcset=\"https:\/\/migracao.redenoticia.com.br\/noticia\/imagens\/chiquititas-sbt-150x112.jpg 150w, https:\/\/migracao.redenoticia.com.br\/noticia\/imagens\/chiquititas-sbt-265x198.jpg 265w\" sizes=\"auto, (max-width: 150px) 100vw, 150px\" \/><strong><em>Resumo novela \u201cChiquititas\u201d 12\/09 <\/em><\/strong>: no cap\u00edtulo 522(*) da novela \u201cChiquititas\u201d, resumo de quarta-feira, 12 de setembro, a apresenta\u00e7\u00e3o da pe\u00e7a continua e acontece a cena do beijo entre os personagens hippies de Tobias e \u00c9rica. Enquanto isso, Maria Cec\u00edlia chora dentro do t\u00e1xi que a leva para o aeroporto. Os personagens da pe\u00e7a musical interpretam a m\u00fasica \u201cComo os nossos Pais\u201d e animam ainda mais a plateia. Vivi e Tati discutem no quarto das meninas em frente \u00e0s chiquititas. Vivi joga a responsabilidade de sua carreira de modelo n\u00e3o ter dado certo em cima de Tati. Oscar, pai de Maria Cec\u00edlia, cumprimenta Tobias pela pe\u00e7a, revela o motivo da filha n\u00e3o querer mais v\u00ea-lo e instrui o rapaz a ser r\u00e1pido para alcan\u00e7\u00e1-la.<\/p>\n<p>Vivi desabafa com Samuca que se tivesse continuado no Sul do Pa\u00eds n\u00e3o teria se reaproximado do pai e sua carreira n\u00e3o ficaria abalada. Samuca aconselha a garota que enquanto ela der import\u00e2ncia ao que os outros dizem, nunca ser\u00e1 feliz. Tobias chega a tempo e entra no jatinho da empresa que levaria Maria Cec\u00edlia para a reuni\u00e3o do dia seguinte. Tobias diz que j\u00e1 sabe de tudo e quer se explicar. O rapaz manda o piloto decolar, pois ele e Ceci ter\u00e3o uma conversa. Os dois discutem. O avi\u00e3o passa por turbul\u00eancia. O piloto desmaia. Tobias tenta assumir a dire\u00e7\u00e3o do jatinho, mas n\u00e3o consegue. Os dois entram em desespero. Tobias tenta aterrissar.<\/p>\n<p>No orfanato, Samuca entrega para Rafa e Samuca um r\u00e1dio que criou para se comunicarem com L\u00facia. Helena chora e implora para Neco revelar onde est\u00e1 L\u00facia. Todos estranham a falta de not\u00edcias de Tobias e Maria Cec\u00edlia. Os dois est\u00e3o vivos, mas ca\u00edram numa praia deserta. Andr\u00e9 diz para Cris que como perderam o jornal eles podem criar um site de not\u00edcias. Cris fica feliz com a ideia. Marian arma com Janu para terminar o namoro de Duda e Pata. Elas fazem com que Pata escute uma conversa entre Marian e Duda a respeito da aposta para reconquistar Pata.<\/p>\n<p>(*) edi\u00e7\u00e3o do SBT, Novela \u201cChiquititas\u201d, sujeito a altera\u00e7\u00e3o de data e conte\u00fado.<\/p>\n<p>Chiquititas gira em torno do orfanato Raio de Luz, que carrega em sua hist\u00f3ria um grande segredo envolvendo a fam\u00edlia e o dono do orfanato, Dr. Jos\u00e9 Ricardo Almeida Campos. Em um per\u00edodo anterior \u00e0 novela, exatos treze anos, sua filha Gabriela se apaixonou e ficou gr\u00e1vida de Miguel, filho de Valentina, empregada da casa dos Almeida Campos. Pouco depois, Jos\u00e9 Ricardo sequestrou sua neta, pois, como um homem conservador, ele n\u00e3o aceitava a ideia de que sua filha se envolvesse com um empregado. Como sua neta, Milena, apelidada como Mili, precisava de um lugar para morar, ele comprou um casar\u00e3o e fundou um orfanato, o Raio de Luz.<\/p>\n<p>Mili cresceu l\u00e1 com outras garotas que chegaram posteriormente: Bia, Ana, as irm\u00e3s Tati e Vivi, e Cris. Ao decorrer dos anos, elas se tornam uma fam\u00edlia. Elas s\u00e3o supervisionadas por Ernestina, zeladora do orfanato, e Chico, o cozinheiro amado pelas internas. Sofia, ex-governanta da fam\u00edlia Almeida Campos, \u00e9 a diretora do lugar, at\u00e9 que Carmem, irm\u00e3 de Jos\u00e9 Ricardo, entre em seu lugar. Chegam ainda mais \u00f3rf\u00e3os: Pata, Mosca, Binho e Rafa, que viviam nas ruas antes de entrarem na institui\u00e7\u00e3o. Pata e Mili tornam-se amigas rapidamente, enquanto Mosca, Binho e Rafa s\u00e3o os primeiros garotos a entrar no abrigo. As crian\u00e7as sem-teto foram ajudadas por uma doce e bela garota que tocam e mudam a vida delas, assim como as das garotas \u00f3rf\u00e3s.<\/p>\n","protected":false},"excerpt":{"rendered":"<p>Resumo novela \u201cChiquititas\u201d 12\/09 : no cap\u00edtulo 522(*) da novela \u201cChiquititas\u201d, resumo de quarta-feira, 12 de setembro, a apresenta\u00e7\u00e3o da pe\u00e7a continua e acontece a cena do beijo entre os personagens hippies de Tobias e \u00c9rica. Enquanto isso, Maria Cec\u00edlia chora dentro do t\u00e1xi que a leva para o aeroporto. Os personagens da pe\u00e7a musical [&hellip;]<\/p>\n","protected":false},"author":4,"featured_media":49690,"comment_status":"open","ping_status":"closed","sticky":false,"template":"","format":"standard","meta":{"tdm_status":"","tdm_grid_status":"","footnotes":""},"categories":[409,379,372,343],"tags":[441],"class_list":{"0":"post-151485","1":"post","2":"type-post","3":"status-publish","4":"format-standard","5":"has-post-thumbnail","7":"category-chiquititas","8":"category-novelas","9":"category-sbt","10":"category-televisao","11":"tag-resumo-do-dia"},"_links":{"self":[{"href":"https:\/\/migracao.redenoticia.com.br\/noticia\/wp-json\/wp\/v2\/posts\/151485","targetHints":{"allow":["GET"]}}],"collection":[{"href":"https:\/\/migracao.redenoticia.com.br\/noticia\/wp-json\/wp\/v2\/posts"}],"about":[{"href":"https:\/\/migracao.redenoticia.com.br\/noticia\/wp-json\/wp\/v2\/types\/post"}],"author":[{"embeddable":true,"href":"https:\/\/migracao.redenoticia.com.br\/noticia\/wp-json\/wp\/v2\/users\/4"}],"replies":[{"embeddable":true,"href":"https:\/\/migracao.redenoticia.com.br\/noticia\/wp-json\/wp\/v2\/comments?post=151485"}],"version-history":[{"count":0,"href":"https:\/\/migracao.redenoticia.com.br\/noticia\/wp-json\/wp\/v2\/posts\/151485\/revisions"}],"wp:featuredmedia":[{"embeddable":true,"href":"https:\/\/migracao.redenoticia.com.br\/noticia\/wp-json\/wp\/v2\/media\/49690"}],"wp:attachment":[{"href":"https:\/\/migracao.redenoticia.com.br\/noticia\/wp-json\/wp\/v2\/media?parent=151485"}],"wp:term":[{"taxonomy":"category","embeddable":true,"href":"https:\/\/migracao.redenoticia.com.br\/noticia\/wp-json\/wp\/v2\/categories?post=151485"},{"taxonomy":"post_tag","embeddable":true,"href":"https:\/\/migracao.redenoticia.com.br\/noticia\/wp-json\/wp\/v2\/tags?post=151485"}],"curies":[{"name":"wp","href":"https:\/\/api.w.org\/{rel}","templated":true}]}}