{"id":151551,"date":"2018-09-11T23:54:41","date_gmt":"2018-09-12T02:54:41","guid":{"rendered":"https:\/\/www.redenoticia.com.br\/noticia\/?p=151551"},"modified":"2018-09-11T21:17:21","modified_gmt":"2018-09-12T00:17:21","slug":"pos-doutorado-em-saude-coletiva-com-bolsa-da-fapesp-2","status":"publish","type":"post","link":"https:\/\/migracao.redenoticia.com.br\/noticia\/2018\/pos-doutorado-em-saude-coletiva-com-bolsa-da-fapesp-2\/151551","title":{"rendered":"P\u00f3s-doutorado em Sa\u00fade Coletiva com bolsa da FAPESP"},"content":{"rendered":"<p> Ag\u00eancia FAPESP\u00a0\u2013 Uma oportunidade com Bolsa da FAPESP de <strong><em>P\u00f3s-Doutorado est\u00e1 aberta na Faculdade de Medicina da USP<\/em><\/strong> junto ao Projeto Tem\u00e1tico \u201c\u201d, coordenado pela professora\u00a0. O prazo de inscri\u00e7\u00e3o termina em 15 de setembro de 2018.<\/p>\n<p>O projeto far\u00e1 um estudo de base populacional com crian\u00e7as nascidas entre julho de 2015 e julho de 2016 de m\u00e3es residentes no munic\u00edpio de Cruzeiro do Sul (AC). O objetivo geral do estudo \u00e9 identificar determinantes precoces para promo\u00e7\u00e3o de crescimento e desenvolvimento adequados com preven\u00e7\u00e3o de morbidades e defici\u00eancias nutricionais sem produzir ganho de peso excessivo e adiposidade na primeira inf\u00e2ncia.<\/p>\n<p>O p\u00f3s-doutorando ser\u00e1 respons\u00e1vel pela coordena\u00e7\u00e3o das atividades necess\u00e1rias para efetivar o acompanhamento das crian\u00e7as e m\u00e3es participantes do estudo MINA. Tamb\u00e9m ir\u00e1 organizar a log\u00edstica de manuten\u00e7\u00e3o de materiais biol\u00f3gicos, supervisionar o fluxo de entrada de dados no servidor do estudo, organizar bancos de dados, realizar an\u00e1lises estat\u00edsticas e fazer a revis\u00e3o bibliogr\u00e1fica para os artigos que ser\u00e3o elaborados.<\/p>\n<p>O candidato deve ter doutorado com forma\u00e7\u00e3o na \u00e1rea de Sa\u00fade Coletiva. Experi\u00eancias em an\u00e1lises de dados com utiliza\u00e7\u00e3o do programa estat\u00edstico Stata em n\u00edvel intermedi\u00e1rio\/avan\u00e7ado e experi\u00eancia na elabora\u00e7\u00e3o de relat\u00f3rios e artigos cient\u00edficos s\u00e3o exig\u00eancias da vaga.<\/p>\n<p>O processo seletivo ter\u00e1 duas fases. Na primeira, ser\u00e1 feita avalia\u00e7\u00e3o do perfil dos candidatos por meio da an\u00e1lise dos documentos enviados. Na segunda fase, os candidatos ser\u00e3o entrevistados. O resultado ser\u00e1 divulgado por e-mail ao final do processo seletivo.<\/p>\n<p>As inscri\u00e7\u00f5es ser\u00e3o recebidas exclusivamente por e-mail, com documentos anexos em formato PDF, para a professora\u00a0\u00a0(alicia.matijasevich@fm.usp.br), pesquisadora do projeto, com o assunto \u201cPosi\u00e7\u00e3o de P\u00f3s-doutorado FAPESP\u201d. O candidato deve anexar no e-mail o curr\u00edculo Lattes ou curriculum vitae, c\u00f3pia do certificado do t\u00edtulo de doutor, carta de interesse e duas cartas de recomenda\u00e7\u00e3o.<\/p>\n<p>Mais informa\u00e7\u00f5es sobre a vaga:\u00a0.<\/p>\n<p>A oportunidade de p\u00f3s-doutorado est\u00e1 aberta a brasileiros e estrangeiros. O selecionado receber\u00e1 Bolsa de P\u00f3s-Doutorado da FAPESP no valor de R$ 7.373,10 mensais e Reserva T\u00e9cnica equivalente a 15% do valor anual da bolsa para atender a despesas imprevistas e diretamente relacionadas \u00e0 atividade de pesquisa.<\/p>\n<p>Caso o bolsista de PD resida em domic\u00edlio fora da cidade onde se localiza a institui\u00e7\u00e3o-sede da pesquisa e precise se mudar, ele poder\u00e1 ter direito a um Aux\u00edlio-Instala\u00e7\u00e3o. Mais informa\u00e7\u00f5es sobre a Bolsa de P\u00f3s-Doutorado da FAPESP est\u00e3o dispon\u00edveis em\u00a0.<\/p>\n<p>Outras vagas de bolsas, em diversas \u00e1reas do conhecimento, est\u00e3o no site FAPESP-Oportunidades, em\u00a0. <\/p>\n","protected":false},"excerpt":{"rendered":"<p>Ag\u00eancia FAPESP\u00a0\u2013 Uma oportunidade com Bolsa da FAPESP de P\u00f3s-Doutorado est\u00e1 aberta na Faculdade de Medicina da USP junto ao Projeto Tem\u00e1tico \u201c\u201d, coordenado pela professora\u00a0. O prazo de inscri\u00e7\u00e3o termina em 15 de setembro de 2018. O projeto far\u00e1 um estudo de base populacional com crian\u00e7as nascidas entre julho de 2015 e julho de [&hellip;]<\/p>\n","protected":false},"author":2,"featured_media":148098,"comment_status":"open","ping_status":"closed","sticky":false,"template":"","format":"standard","meta":{"tdm_status":"","tdm_grid_status":"","footnotes":""},"categories":[370,353],"tags":[],"class_list":{"0":"post-151551","1":"post","2":"type-post","3":"status-publish","4":"format-standard","5":"has-post-thumbnail","7":"category-inscricao","8":"category-oportunidades"},"_links":{"self":[{"href":"https:\/\/migracao.redenoticia.com.br\/noticia\/wp-json\/wp\/v2\/posts\/151551","targetHints":{"allow":["GET"]}}],"collection":[{"href":"https:\/\/migracao.redenoticia.com.br\/noticia\/wp-json\/wp\/v2\/posts"}],"about":[{"href":"https:\/\/migracao.redenoticia.com.br\/noticia\/wp-json\/wp\/v2\/types\/post"}],"author":[{"embeddable":true,"href":"https:\/\/migracao.redenoticia.com.br\/noticia\/wp-json\/wp\/v2\/users\/2"}],"replies":[{"embeddable":true,"href":"https:\/\/migracao.redenoticia.com.br\/noticia\/wp-json\/wp\/v2\/comments?post=151551"}],"version-history":[{"count":0,"href":"https:\/\/migracao.redenoticia.com.br\/noticia\/wp-json\/wp\/v2\/posts\/151551\/revisions"}],"wp:featuredmedia":[{"embeddable":true,"href":"https:\/\/migracao.redenoticia.com.br\/noticia\/wp-json\/wp\/v2\/media\/148098"}],"wp:attachment":[{"href":"https:\/\/migracao.redenoticia.com.br\/noticia\/wp-json\/wp\/v2\/media?parent=151551"}],"wp:term":[{"taxonomy":"category","embeddable":true,"href":"https:\/\/migracao.redenoticia.com.br\/noticia\/wp-json\/wp\/v2\/categories?post=151551"},{"taxonomy":"post_tag","embeddable":true,"href":"https:\/\/migracao.redenoticia.com.br\/noticia\/wp-json\/wp\/v2\/tags?post=151551"}],"curies":[{"name":"wp","href":"https:\/\/api.w.org\/{rel}","templated":true}]}}