{"id":151673,"date":"2018-09-13T00:09:40","date_gmt":"2018-09-13T03:09:40","guid":{"rendered":"https:\/\/www.redenoticia.com.br\/noticia\/?p=151673"},"modified":"2018-09-14T18:05:54","modified_gmt":"2018-09-14T21:05:54","slug":"novela-essas-mulheres-resumo-14-09-lucia-chora-ao-ver-a-foto-de-sua-familia","status":"publish","type":"post","link":"https:\/\/migracao.redenoticia.com.br\/noticia\/2018\/novela-essas-mulheres-resumo-14-09-lucia-chora-ao-ver-a-foto-de-sua-familia\/151673","title":{"rendered":"Novela \u201cEssas Mulheres\u201d resumo 14\/09: L\u00facia promete se vingar de Lemos"},"content":{"rendered":"<p> <img loading=\"lazy\" decoding=\"async\" src=\"https:\/\/migracao.redenoticia.com.br\/noticia\/imagens\/essas-mulhares-150x112.jpg\" alt=\"\" width=\"150\" height=\"112\" class=\"alignleft size-thumbnail wp-image-148657\" srcset=\"https:\/\/migracao.redenoticia.com.br\/noticia\/imagens\/essas-mulhares-150x112.jpg 150w, https:\/\/migracao.redenoticia.com.br\/noticia\/imagens\/essas-mulhares-265x198.jpg 265w\" sizes=\"auto, (max-width: 150px) 100vw, 150px\" \/><em><strong>Novela \u201cEssas Mulheres\u201d resumo 14\/09<\/strong><\/em>: no capitulo 035 (*) da novela \u201cEssas Mulheres\u201d, sexta-feira, 14 de setembro, Mariquinhas fica com febre. Fernando se lamenta com Alfredo. Augusto pede permiss\u00e3o a Leoc\u00e1dia para tratar de Mila. Augusto fala para Mila como funciona a t\u00e9cnica do magnetismo como tratamento. Sim\u00e3o planeja com amigos um plano contra Cunha e Lemos. Augusto hipnotiza Mila. Tadeu vai a casa de Nicota para se explicar, mas \u00e9 escorra\u00e7ado por ela.<\/p>\n<p>L\u00facia promete se vingar de Lemos. Nina percebe o \u00f3dio de sua amiga. Leoc\u00e1dia conta para Adelaide que est\u00e1 atr\u00e1s de uma bela mo\u00e7a loira que sirva bebida em sua recep\u00e7\u00e3o. Adelaide sugere Aur\u00e9lia. Duarte chega de viagem. Artur encontra o coronel na confeitaria. Geraldo convida o coronel para ir a recep\u00e7\u00e3o de seu pai. Aur\u00e9lia chega na casa de Leoc\u00e1dia para o trabalho. Laura chama Tadeu para ir a sua casa. Ele aceita.<\/p>\n<p>(*) edi\u00e7\u00e3o da Rede Record, Novela \u201cEssas Mulheres\u201d, sujeito a altera\u00e7\u00e3o de data e conte\u00fado.<\/p>\n<p>\u201cEssas Mulheres\u201d &#8211; A trama se passa em 1880, na cidade do Rio de Janeiro, seguindo a vida de tr\u00eas mulheres fortes e determinadas. Aur\u00e9lia (Christine Fernandes), Maria da Gl\u00f3ria (Carla Cabral) e Mila (Miriam Freeland) s\u00e3o grandes amigas que frequentam as aulas de etiqueta juntas, por\u00e9m a vida n\u00e3o demora muito para coloca-las em rumos completamente diferentes. Aur\u00e9lia vivia com sua m\u00e3e e irm\u00e3o em uma casa de favor, por\u00e9m eles s\u00e3o expulsos quando seu tio Lemos (Paulo Gorgulho) vende o im\u00f3vel sem piedade, for\u00e7ando-os a ir morar de aluguel e ela trabalhar como empregada para a arrogante Adelaide (Adriana Garambone) \u2013 que a humilha constantemente e lhe rouba Fernando Seixas (Gabriel Braga Nunes), jornalista com quem ela vivia um romance.<\/p>\n","protected":false},"excerpt":{"rendered":"<p>Novela \u201cEssas Mulheres\u201d resumo 14\/09: no capitulo 035 (*) da novela \u201cEssas Mulheres\u201d, sexta-feira, 14 de setembro, Mariquinhas fica com febre. Fernando se lamenta com Alfredo. Augusto pede permiss\u00e3o a Leoc\u00e1dia para tratar de Mila. Augusto fala para Mila como funciona a t\u00e9cnica do magnetismo como tratamento. Sim\u00e3o planeja com amigos um plano contra Cunha [&hellip;]<\/p>\n","protected":false},"author":2,"featured_media":148140,"comment_status":"open","ping_status":"closed","sticky":false,"template":"","format":"standard","meta":{"tdm_status":"","tdm_grid_status":"","footnotes":""},"categories":[379,371,343],"tags":[441],"class_list":{"0":"post-151673","1":"post","2":"type-post","3":"status-publish","4":"format-standard","5":"has-post-thumbnail","7":"category-novelas","8":"category-rede-record","9":"category-televisao","10":"tag-resumo-do-dia"},"_links":{"self":[{"href":"https:\/\/migracao.redenoticia.com.br\/noticia\/wp-json\/wp\/v2\/posts\/151673","targetHints":{"allow":["GET"]}}],"collection":[{"href":"https:\/\/migracao.redenoticia.com.br\/noticia\/wp-json\/wp\/v2\/posts"}],"about":[{"href":"https:\/\/migracao.redenoticia.com.br\/noticia\/wp-json\/wp\/v2\/types\/post"}],"author":[{"embeddable":true,"href":"https:\/\/migracao.redenoticia.com.br\/noticia\/wp-json\/wp\/v2\/users\/2"}],"replies":[{"embeddable":true,"href":"https:\/\/migracao.redenoticia.com.br\/noticia\/wp-json\/wp\/v2\/comments?post=151673"}],"version-history":[{"count":0,"href":"https:\/\/migracao.redenoticia.com.br\/noticia\/wp-json\/wp\/v2\/posts\/151673\/revisions"}],"wp:featuredmedia":[{"embeddable":true,"href":"https:\/\/migracao.redenoticia.com.br\/noticia\/wp-json\/wp\/v2\/media\/148140"}],"wp:attachment":[{"href":"https:\/\/migracao.redenoticia.com.br\/noticia\/wp-json\/wp\/v2\/media?parent=151673"}],"wp:term":[{"taxonomy":"category","embeddable":true,"href":"https:\/\/migracao.redenoticia.com.br\/noticia\/wp-json\/wp\/v2\/categories?post=151673"},{"taxonomy":"post_tag","embeddable":true,"href":"https:\/\/migracao.redenoticia.com.br\/noticia\/wp-json\/wp\/v2\/tags?post=151673"}],"curies":[{"name":"wp","href":"https:\/\/api.w.org\/{rel}","templated":true}]}}