{"id":151863,"date":"2018-09-14T15:42:24","date_gmt":"2018-09-14T18:42:24","guid":{"rendered":"https:\/\/www.redenoticia.com.br\/noticia\/?p=151863"},"modified":"2018-09-14T15:42:24","modified_gmt":"2018-09-14T18:42:24","slug":"novela-orgulho-e-paixao-lady-margareth-morre-envenenada","status":"publish","type":"post","link":"https:\/\/migracao.redenoticia.com.br\/noticia\/2018\/novela-orgulho-e-paixao-lady-margareth-morre-envenenada\/151863","title":{"rendered":"Novela \u201cOrgulho e Paix\u00e3o\u201d: Lady Margareth morre envenenada"},"content":{"rendered":"<p><img loading=\"lazy\" decoding=\"async\" src=\"https:\/\/migracao.redenoticia.com.br\/noticia\/imagens\/orgulho-e-paixao-margareth-150x112.jpg\" alt=\"\" width=\"150\" height=\"112\" class=\"alignleft size-thumbnail wp-image-148679\" srcset=\"https:\/\/migracao.redenoticia.com.br\/noticia\/imagens\/orgulho-e-paixao-margareth-150x112.jpg 150w, https:\/\/migracao.redenoticia.com.br\/noticia\/imagens\/orgulho-e-paixao-margareth-265x198.jpg 265w, https:\/\/migracao.redenoticia.com.br\/noticia\/imagens\/orgulho-e-paixao-margareth-485x360.jpg 485w\" sizes=\"auto, (max-width: 150px) 100vw, 150px\" \/><strong><em>Novela \u201cOrgulho e Paix\u00e3o\u201d:<\/em><\/strong> Lady Margareth (Nat\u00e1lia do Vale) encomenda a Xavier (Ricardo Tozzi) uma explos\u00e3o na inaugura\u00e7\u00e3o da ferrovia. Depois ela vai \u00e0 casa de ch\u00e1, serve-se de um licor, pinga gotas de veneno copo e bebe. Quando Darcy (Thiago Lacerda) e Elisabeta (Nathalia Dill) encontram a m\u00e3e de Briana (Bruna Sp\u00edncola), ela bebe mais veneno na frente deles e morre em seguida. Cena de 21 de setembro na novela &#8220;Orgulho e Paix\u00e3o&#8221;.<\/p>\n<p>No fict\u00edcio Vale do Caf\u00e9, interior de S\u00e3o Paulo, nossos personagens vivem seus conflitos sociais e de conduta, que sempre se contrap\u00f5em aos desejos pessoais de cada um. Elisabeta (Nathalia Dill) \u00e9 uma mulher \u00e0 frente do seu tempo, com pensamentos igualit\u00e1rios e interesses at\u00edpicos para uma jovem do in\u00edcio do s\u00e9culo XX. Ela deseja trabalhar, conhecer o mundo e \u00e9 incentivada a realizar seus sonhos pelo pai, Felisberto (Tato Gabus Mendes), que vive \u00e0s turras com a mulher, Of\u00e9lia (Vera Holtz), por pensarem diferente sobre a cria\u00e7\u00e3o das filhas. Ao todo, o casal teve cinco mulheres, e cada uma com uma personalidade diferente.<\/p>\n<p>A personagem de Nathalia Dill entrar\u00e1 em conflito quando se apaixonar por Darcy (Thiago Lacerda), um homem de car\u00e1ter e muito sisudo. O amor n\u00e3o \u00e9 \u00e0 primeira vista, j\u00e1 que os dois n\u00e3o se entendem assim que se conhecem. O sentimento de repulsa dar\u00e1 lugar a uma grande paix\u00e3o, que ser\u00e1 negada pelo casal o m\u00e1ximo poss\u00edvel.<\/p>\n<p>Fonte: &#8220;Orgulho e Paix\u00e3o&#8221;, novela da Rede Globo<\/p>\n","protected":false},"excerpt":{"rendered":"<p>Novela \u201cOrgulho e Paix\u00e3o\u201d: Lady Margareth (Nat\u00e1lia do Vale) encomenda a Xavier (Ricardo Tozzi) uma explos\u00e3o na inaugura\u00e7\u00e3o da ferrovia. Depois ela vai \u00e0 casa de ch\u00e1, serve-se de um licor, pinga gotas de veneno copo e bebe. Quando Darcy (Thiago Lacerda) e Elisabeta (Nathalia Dill) encontram a m\u00e3e de Briana (Bruna Sp\u00edncola), ela bebe [&hellip;]<\/p>\n","protected":false},"author":2,"featured_media":148679,"comment_status":"open","ping_status":"closed","sticky":false,"template":"","format":"standard","meta":{"tdm_status":"","tdm_grid_status":"","footnotes":""},"categories":[388,379,467,375,343],"tags":[440],"class_list":{"0":"post-151863","1":"post","2":"type-post","3":"status-publish","4":"format-standard","5":"has-post-thumbnail","7":"category-destaques","8":"category-novelas","9":"category-orgulho-e-paixao","10":"category-rede-globo","11":"category-televisao","12":"tag-noticia-novela"},"_links":{"self":[{"href":"https:\/\/migracao.redenoticia.com.br\/noticia\/wp-json\/wp\/v2\/posts\/151863","targetHints":{"allow":["GET"]}}],"collection":[{"href":"https:\/\/migracao.redenoticia.com.br\/noticia\/wp-json\/wp\/v2\/posts"}],"about":[{"href":"https:\/\/migracao.redenoticia.com.br\/noticia\/wp-json\/wp\/v2\/types\/post"}],"author":[{"embeddable":true,"href":"https:\/\/migracao.redenoticia.com.br\/noticia\/wp-json\/wp\/v2\/users\/2"}],"replies":[{"embeddable":true,"href":"https:\/\/migracao.redenoticia.com.br\/noticia\/wp-json\/wp\/v2\/comments?post=151863"}],"version-history":[{"count":0,"href":"https:\/\/migracao.redenoticia.com.br\/noticia\/wp-json\/wp\/v2\/posts\/151863\/revisions"}],"wp:featuredmedia":[{"embeddable":true,"href":"https:\/\/migracao.redenoticia.com.br\/noticia\/wp-json\/wp\/v2\/media\/148679"}],"wp:attachment":[{"href":"https:\/\/migracao.redenoticia.com.br\/noticia\/wp-json\/wp\/v2\/media?parent=151863"}],"wp:term":[{"taxonomy":"category","embeddable":true,"href":"https:\/\/migracao.redenoticia.com.br\/noticia\/wp-json\/wp\/v2\/categories?post=151863"},{"taxonomy":"post_tag","embeddable":true,"href":"https:\/\/migracao.redenoticia.com.br\/noticia\/wp-json\/wp\/v2\/tags?post=151863"}],"curies":[{"name":"wp","href":"https:\/\/api.w.org\/{rel}","templated":true}]}}