{"id":152116,"date":"2018-11-04T09:07:44","date_gmt":"2018-11-04T11:07:44","guid":{"rendered":"https:\/\/www.redenoticia.com.br\/noticia\/?p=152116"},"modified":"2018-11-04T22:08:04","modified_gmt":"2018-11-05T00:08:04","slug":"segundo-sol-enquete-como-deve-ser-o-final-de-rosa","status":"publish","type":"post","link":"https:\/\/migracao.redenoticia.com.br\/noticia\/2018\/segundo-sol-enquete-como-deve-ser-o-final-de-rosa\/152116","title":{"rendered":"&#8220;Segundo Sol&#8221; enquete: como deve ser o final de Rosa?"},"content":{"rendered":"<p><img loading=\"lazy\" decoding=\"async\" class=\"alignleft size-thumbnail wp-image-149464\" src=\"https:\/\/migracao.redenoticia.com.br\/noticia\/imagens\/segundo-sol-resumo-novela-22-150x112.jpg\" alt=\"\" width=\"150\" height=\"112\" srcset=\"https:\/\/migracao.redenoticia.com.br\/noticia\/imagens\/segundo-sol-resumo-novela-22-150x112.jpg 150w, https:\/\/migracao.redenoticia.com.br\/noticia\/imagens\/segundo-sol-resumo-novela-22-265x198.jpg 265w, https:\/\/migracao.redenoticia.com.br\/noticia\/imagens\/segundo-sol-resumo-novela-22-485x360.jpg 485w\" sizes=\"auto, (max-width: 150px) 100vw, 150px\" \/><strong><em>Novela \u201cSegundo Sol\u201d enquete<\/em><\/strong>: Rosa (Let\u00edcia Colin) trai Valentim (Danilo Mesquita) com \u00cdcaro (Chay Suede) e Laureta (Adriana Esteves) aceita a rela\u00e7\u00e3o. \u00cdcaro leva Rosa para um motel e Valentim esmurra a porta do quarto. Rosa revela a Valentim que o filho que espera \u00e9 de \u00cdcaro e que mentiu para os dois. Valentim a chama de animal e diz que o que ela fez n\u00e3o tem perd\u00e3o.<\/p>\n<p>Beto (Emilio Dantas) e Luzia (Giovanna Antonelli) descobrem que Laureta contratou uma atriz para engan\u00e1-los. Beto pressiona a jovem e ela revela que seu filho \u00e9 um rapaz. Eles questionam Rosa, que procura \u00cdcaro e conta que Valentim \u00e9 o filho de Luzia e Beto. Ele a acusa de n\u00e3o se importar com o seu sofrimento e por ela ter enganado Valentim. \u00cdcaro fala que vai dar todo o amor para o beb\u00ea que ela est\u00e1 esperando, mas que eles n\u00e3o t\u00eam mais chance de ficarem juntos. Rosa concorda e vai embora, arrasada.<\/p>\n<p>Rosa se arrepende do que fez e se redime. Ela ajuda Beto a encontrar Remy. Na sua opini\u00e3o, em &#8220;Segundo Sol&#8221;, Rosa deve lutar para reconquistar \u00cdcaro, Valentim ou seguir sozinha com seu filho. Participe da vota\u00e7\u00e3o na enquete:<\/p>\n<p><script type=\"text\/javascript\" charset=\"utf-8\" data-cfasync=\"false\" src=\"https:\/\/secure.polldaddy.com\/p\/10110017.js\"><\/script><br \/>\n<noscript><\/noscript><\/p>\n<p>Se voc\u00ea n\u00e3o est\u00e1 vendo a enquete, .<\/p>\n<p>Nos pr\u00f3ximos cap\u00edtulos da novela Novela \u201cSegundo Sol\u201d: Luzia e Galdino roubam o colar de Karola para incriminar Laureta. Karola confronta Laureta, acreditando ter sido roubada pela cafetina. Laureta descobre as inten\u00e7\u00f5es de Dominick. Agenor revela o envolvimento entre a filha e Ionan. Laureta chantageia Roberval. Doralice e Selma terminam seus casamentos com Ionan e Maura. Laureta flagra \u00cdcaro e Rosa juntos. Luzia surpreende Beto e revela que o filho dos dois est\u00e1 vivo. Roberval expulsa o pai de casa. Roberval faz um acordo com Dominick para libert\u00e1-lo da pris\u00e3o.<\/p>\n<p>Severo se instala no conjunto habitacional interditado pela Justi\u00e7a. Beto questiona Karola sobre Janu\u00e1ria. Roberval tenta convencer Karola a se unir a ele contra Laureta. Laureta oferece ajuda a Dominick em troca de provas contra Roberval. Beto procura Laureta, e Galdino lhe confirma que seu filho com Luzia est\u00e1 vivo. Karola decide se unir a Roberval e conta o que sabe sobre os crimes de Laureta. Karola anuncia sua guerra contra Laureta e pressiona Rosa a decidir de que lado est\u00e1. Ionan e Maura se beijam. Rosa alerta Laureta sobre o \u00f3dio de Karola. Roberval denuncia Laureta e Juarez para o delegado Nolasco. Madalena confirma a Beto que Laureta e Karola roubaram o beb\u00ea de Luzia. Nolasco prende Laureta por tr\u00e1fico de drogas. Laureta denuncia \u00e0 imprensa que Roberval trafica diamantes. Laureta confronta Galdino.<\/p>\n<p>Galdino intriga Laureta contra Karola. Rochelle ofende Roberval, que expulsa a sobrinha de casa. Laureta \u00e9 libertada da pris\u00e3o, acredita que Rosa a traiu e tranca a mo\u00e7a num quarto pequeno. Valentim resgata Rosa da casa de Laureta, mas ela permanece fiel \u00e0 comparsa. Laureta e Karola se confrontam. Beto e Luzia se amam. Valentim questiona Rosa, que confessa que guarda um segredo sobre o passado do namorado. Galdino entrega uma c\u00f3pia do v\u00eddeo de Karola com Remy para Luzia. Luzia alerta \u00cdcaro sobre Laureta, mas o rapaz desconfia da m\u00e3e. Rochelle tenta incriminar Roberval por ass\u00e9dio e agress\u00e3o. Todos ficam horrorizados quando as imagens de Karola e Remy surgem no tel\u00e3o durante o show de Beto Falc\u00e3o.<\/p>\n<p>Karola ofende a fam\u00edlia Falc\u00e3o e foge dos rep\u00f3rteres. Rosa sofre ao ouvir Beto afirmar que Karola \u00e9 uma boa m\u00e3e para Valentim. Nice faz sucesso no programa de televis\u00e3o, e Rosa e Maura se emocionam. Beto revela a Valentim que desconfia de que Karola tenha roubado o filho que teve com Luzia. Galdino incita Laureta contra Rosa, e revela a Luzia que planeja acabar com a vida da cafetina. O m\u00e9dico de Rochelle comunica \u00e0 fam\u00edlia que a menina pode ter a s\u00edndrome de Guillain-Barr\u00e9. Karola atira contra Laureta, mas \u00cdcaro salva a cafetina. Laureta garante a Karola que n\u00e3o foi ela quem divulgou seu v\u00eddeo com Remy. Laureta deduz que Galdino se uniu a Luzia contra ela e Karola. Laureta e Karola armam para desmascarar Galdino e Luzia. Agenor agride Nice e Cacau, e \u00e9 escorra\u00e7ado do restaurante. Laureta contrata Jennifer para fingir que \u00e9 Emily, a suposta filha de Luzia e Beto. Galdino alerta Luzia sobre a exist\u00eancia de Emily, e Groa desconfia. Laureta avisa a Viana sobre o paradeiro de Luzia. Ionan conta a Beto sobre a poss\u00edvel pris\u00e3o de Luzia. Na rodovi\u00e1ria, Luzia v\u00ea quando Emily chega.<\/p>\n<p>Fonte: &#8220;Segundo Sol&#8221;, novela da Rede Globo<\/p>\n","protected":false},"excerpt":{"rendered":"<p>Novela \u201cSegundo Sol\u201d enquete: Rosa (Let\u00edcia Colin) trai Valentim (Danilo Mesquita) com \u00cdcaro (Chay Suede) e Laureta (Adriana Esteves) aceita a rela\u00e7\u00e3o. \u00cdcaro leva Rosa para um motel e Valentim esmurra a porta do quarto. Rosa revela a Valentim que o filho que espera \u00e9 de \u00cdcaro e que mentiu para os dois. Valentim a [&hellip;]<\/p>\n","protected":false},"author":2,"featured_media":149464,"comment_status":"open","ping_status":"closed","sticky":false,"template":"","format":"standard","meta":{"tdm_status":"","tdm_grid_status":"","footnotes":""},"categories":[388,379,375,474,343],"tags":[521],"class_list":{"0":"post-152116","1":"post","2":"type-post","3":"status-publish","4":"format-standard","5":"has-post-thumbnail","7":"category-destaques","8":"category-novelas","9":"category-rede-globo","10":"category-segundo-sol","11":"category-televisao","12":"tag-enquete"},"_links":{"self":[{"href":"https:\/\/migracao.redenoticia.com.br\/noticia\/wp-json\/wp\/v2\/posts\/152116","targetHints":{"allow":["GET"]}}],"collection":[{"href":"https:\/\/migracao.redenoticia.com.br\/noticia\/wp-json\/wp\/v2\/posts"}],"about":[{"href":"https:\/\/migracao.redenoticia.com.br\/noticia\/wp-json\/wp\/v2\/types\/post"}],"author":[{"embeddable":true,"href":"https:\/\/migracao.redenoticia.com.br\/noticia\/wp-json\/wp\/v2\/users\/2"}],"replies":[{"embeddable":true,"href":"https:\/\/migracao.redenoticia.com.br\/noticia\/wp-json\/wp\/v2\/comments?post=152116"}],"version-history":[{"count":0,"href":"https:\/\/migracao.redenoticia.com.br\/noticia\/wp-json\/wp\/v2\/posts\/152116\/revisions"}],"wp:featuredmedia":[{"embeddable":true,"href":"https:\/\/migracao.redenoticia.com.br\/noticia\/wp-json\/wp\/v2\/media\/149464"}],"wp:attachment":[{"href":"https:\/\/migracao.redenoticia.com.br\/noticia\/wp-json\/wp\/v2\/media?parent=152116"}],"wp:term":[{"taxonomy":"category","embeddable":true,"href":"https:\/\/migracao.redenoticia.com.br\/noticia\/wp-json\/wp\/v2\/categories?post=152116"},{"taxonomy":"post_tag","embeddable":true,"href":"https:\/\/migracao.redenoticia.com.br\/noticia\/wp-json\/wp\/v2\/tags?post=152116"}],"curies":[{"name":"wp","href":"https:\/\/api.w.org\/{rel}","templated":true}]}}