{"id":152127,"date":"2018-09-17T21:55:21","date_gmt":"2018-09-18T00:55:21","guid":{"rendered":"https:\/\/www.redenoticia.com.br\/noticia\/?p=152127"},"modified":"2018-09-17T21:55:21","modified_gmt":"2018-09-18T00:55:21","slug":"mortes-por-cancer-devem-chegar-a-96-milhoes-neste-ano-estima-oms","status":"publish","type":"post","link":"https:\/\/migracao.redenoticia.com.br\/noticia\/2018\/mortes-por-cancer-devem-chegar-a-96-milhoes-neste-ano-estima-oms\/152127","title":{"rendered":"Mortes por c\u00e2ncer devem chegar a 9,6 milh\u00f5es neste ano, estima OMS"},"content":{"rendered":"<p> O n\u00famero de mortes em raz\u00e3o de <strong><em>c\u00e2ncer<\/em><\/strong> deve chegar a 9,6 milh\u00f5es neste ano em todo o mundo. J\u00e1 o total de novos casos deve atingir 18,1 milh\u00f5es. A estimativa \u00e9 de um estudo \u00e9 da Ag\u00eancia Internacional para a Pesquisa sobre C\u00e2ncer (IARC, na sigla em ingl\u00eas), \u00f3rg\u00e3o vinculado \u00e0 Organiza\u00e7\u00e3o Mundial de Sa\u00fade (OMS).<\/p>\n<p>Segundo a entidade, um em cada cinco homens e uma em cada seis mulheres devem desenvolver c\u00e2ncer em algum momento da vida. J\u00e1 as mortes decorrentes da doen\u00e7a devem acometer um a cada oito homens e uma a cada onze mulheres.<\/p>\n<p>Conforme as expectativas da associa\u00e7\u00e3o, quase metade dos novos casos e mais da metade das mortes devem ocorrer na \u00c1sia. O continente concentra cerca de 60% da popula\u00e7\u00e3o mundial. J\u00e1 a Europa \u00e9 respons\u00e1vel por 23% das novas ocorr\u00eancias e 20% dos \u00f3bitos, embora contenha somente 9% da popula\u00e7\u00e3o mundial.<\/p>\n<p>Pela proje\u00e7\u00e3o, as Am\u00e9ricas devem ser respons\u00e1veis por 21% dos casos novos identificados e 14,4% da mortalidade global. Assim como na Europa, os \u00edndices s\u00e3o maiores do que a participa\u00e7\u00e3o da regi\u00e3o na popula\u00e7\u00e3o mundial, atualmente em 13,3%.<\/p>\n<p>Tipos<br \/>\nOs tipos de c\u00e2ncer que mais levam a mortes devem ser os de pulm\u00e3o (18,4%), reto (9,2%) e est\u00f4mago (8,2%). J\u00e1 nos novos casos, as modalidades com maior incid\u00eancia devem ser as de pulm\u00e3o (11,6%), mama (11,6%) e reto (10,2%). Juntos, estas representam cerca de um ter\u00e7o dos registros da doen\u00e7a em todo o mundo.<\/p>\n<p>No recorte por g\u00eanero, entre os homens os tipos de c\u00e2ncer mais comuns devem ser os de pulm\u00e3o (14,5% do total), pr\u00f3stata (13,5%) e reto (10,9%). J\u00e1 entre as mulheres, as modalidades com maior incid\u00eancia devem ser c\u00e2ncer de mama (24,2%), seguido por de reto e de pulm\u00e3o. Nos dois g\u00eaneros, o c\u00e2ncer de pulm\u00e3o deve fechar o ano como o principal respons\u00e1vel por mortes.<\/p>\n<p>Causas<br \/>\nDe acordo com o IARC, as causas para os n\u00fameros s\u00e3o distintas, variando do crescimento e envelhecimento da popula\u00e7\u00e3o a fatores ligados ao desenvolvimento econ\u00f4mico. Em economias emergentes, pontua a associa\u00e7\u00e3o, h\u00e1 uma transi\u00e7\u00e3o de doen\u00e7as relacionadas \u00e0 pobreza para aquelas vinculadas a determinados estilos de vida.<\/p>\n<p> Jonas Valente \u2013 Rep\u00f3rter Ag\u00eancia Brasil<br \/>\nEdi\u00e7\u00e3o: Sabrina Craide<br \/>\n17\/09\/2018<\/p>\n","protected":false},"excerpt":{"rendered":"<p>O n\u00famero de mortes em raz\u00e3o de c\u00e2ncer deve chegar a 9,6 milh\u00f5es neste ano em todo o mundo. J\u00e1 o total de novos casos deve atingir 18,1 milh\u00f5es. A estimativa \u00e9 de um estudo \u00e9 da Ag\u00eancia Internacional para a Pesquisa sobre C\u00e2ncer (IARC, na sigla em ingl\u00eas), \u00f3rg\u00e3o vinculado \u00e0 Organiza\u00e7\u00e3o Mundial de [&hellip;]<\/p>\n","protected":false},"author":2,"featured_media":148574,"comment_status":"open","ping_status":"closed","sticky":false,"template":"","format":"standard","meta":{"tdm_status":"","tdm_grid_status":"","footnotes":""},"categories":[22,5],"tags":[],"class_list":{"0":"post-152127","1":"post","2":"type-post","3":"status-publish","4":"format-standard","5":"has-post-thumbnail","7":"category-brasil","8":"category-saude-e-vida"},"_links":{"self":[{"href":"https:\/\/migracao.redenoticia.com.br\/noticia\/wp-json\/wp\/v2\/posts\/152127","targetHints":{"allow":["GET"]}}],"collection":[{"href":"https:\/\/migracao.redenoticia.com.br\/noticia\/wp-json\/wp\/v2\/posts"}],"about":[{"href":"https:\/\/migracao.redenoticia.com.br\/noticia\/wp-json\/wp\/v2\/types\/post"}],"author":[{"embeddable":true,"href":"https:\/\/migracao.redenoticia.com.br\/noticia\/wp-json\/wp\/v2\/users\/2"}],"replies":[{"embeddable":true,"href":"https:\/\/migracao.redenoticia.com.br\/noticia\/wp-json\/wp\/v2\/comments?post=152127"}],"version-history":[{"count":0,"href":"https:\/\/migracao.redenoticia.com.br\/noticia\/wp-json\/wp\/v2\/posts\/152127\/revisions"}],"wp:featuredmedia":[{"embeddable":true,"href":"https:\/\/migracao.redenoticia.com.br\/noticia\/wp-json\/wp\/v2\/media\/148574"}],"wp:attachment":[{"href":"https:\/\/migracao.redenoticia.com.br\/noticia\/wp-json\/wp\/v2\/media?parent=152127"}],"wp:term":[{"taxonomy":"category","embeddable":true,"href":"https:\/\/migracao.redenoticia.com.br\/noticia\/wp-json\/wp\/v2\/categories?post=152127"},{"taxonomy":"post_tag","embeddable":true,"href":"https:\/\/migracao.redenoticia.com.br\/noticia\/wp-json\/wp\/v2\/tags?post=152127"}],"curies":[{"name":"wp","href":"https:\/\/api.w.org\/{rel}","templated":true}]}}