{"id":152255,"date":"2018-09-19T05:54:18","date_gmt":"2018-09-19T08:54:18","guid":{"rendered":"https:\/\/www.redenoticia.com.br\/noticia\/?p=152255"},"modified":"2018-09-19T01:48:02","modified_gmt":"2018-09-19T04:48:02","slug":"metade-das-mulheres-ferteis-em-sp-usaram-pilula-do-dia-seguinte","status":"publish","type":"post","link":"https:\/\/migracao.redenoticia.com.br\/noticia\/2018\/metade-das-mulheres-ferteis-em-sp-usaram-pilula-do-dia-seguinte\/152255","title":{"rendered":"Metade das mulheres f\u00e9rteis em SP usaram p\u00edlula do dia seguinte"},"content":{"rendered":"<p> Metade das mulheres em idade f\u00e9rtil \u2013 de 15 a 44 anos \u2013 do munic\u00edpio de S\u00e3o Paulo j\u00e1 fizeram uso da <strong><em>p\u00edlula do dia seguinte<\/em><\/strong>, aponta pesquisa do Instituto de Sa\u00fade, \u00f3rg\u00e3o ligado \u00e0 Secretaria Estadual de Sa\u00fade, em colabora\u00e7\u00e3o com o N\u00facleo de Estudos em Popula\u00e7\u00e3o (Nepo), da Universidade Estadual de Campinas (Unicamp). Quando consideradas as mulheres com idade entre 20 e 29 anos, o percentual alcan\u00e7a 67%. O menor \u00edndice \u00e9 entre mulheres com idade entre 40 e 44 anos (26,48%).<\/p>\n<p>A m\u00e9dica e coordenadora do estudo, T\u00e2nia Lago, explica que isso n\u00e3o significa que as mulheres est\u00e3o usando a p\u00edlula como m\u00e9todo contraceptivo de rotina: \u201cA maior parte delas j\u00e1 usou pelo menos uma vez na vida, mas nas circunst\u00e2ncias para as quais ela foi mesmo desenvolvida: quando tem rela\u00e7\u00e3o sexual n\u00e3o esperada, quando acha que o m\u00e9todo falhou, quando acha que camisinha furou ou aconteceu rela\u00e7\u00e3o sexual em um momento em que n\u00e3o havia uma contracep\u00e7\u00e3o em uso, nem camisinha\u201d.<\/p>\n<p>Apenas uma pessoa da amostra formada por 2.892 paulistanas disse que usava a p\u00edlula como m\u00e9todo contraceptivo. O universo \u00e9 representativo da cidade de S\u00e3o Paulo. A coordenadora do estudo avalia que hoje h\u00e1 mais informa\u00e7\u00e3o sobre a p\u00edlula do dia seguinte, pois a introdu\u00e7\u00e3o dela no Sistema \u00danico de Sa\u00fade (SUS) se deu nos anos 2000. \u201cQuando a gente pergunta para as mulheres quem falou sobre a p\u00edlula para ela, ela sequer consegue responder e diz: \u2018Acho que vi na m\u00eddia\u2019\u201d, apontou. O f\u00e1cil acesso em farm\u00e1cia tamb\u00e9m \u00e9 um fator que contribui para a dissemina\u00e7\u00e3o.<\/p>\n<p>A pesquisadora cita como compara\u00e7\u00e3o a \u00faltima Pesquisa Nacional de Demografia e Sa\u00fade (PNDS), em 2006, segundo a qual 23% das mulheres disseram j\u00e1 ter usado o comprimido. \u201cSe a gente encontrou agora mais de 50% em S\u00e3o Paulo seria um indicativo de um aumento dessa pr\u00e1tica. N\u00e3o d\u00e1 pra afirmar que em S\u00e3o Paulo, em 2006, n\u00e3o era 50%, mas \u00e9 bastante improv\u00e1vel que fosse\u201d, explicou. Uma edi\u00e7\u00e3o da PNDS deveria ter sido produzida em 2016, mas o estudo foi descontinuado. \u201cPor isso resolvemos fazer um estudo de popula\u00e7\u00e3o, mas uma mostra da cidade de S\u00e3o Paulo\u201d, apontou. As entrevistas foram feitas em 2015.<\/p>\n<p>Contracep\u00e7\u00e3o<br \/>\nEm rela\u00e7\u00e3o aos m\u00e9todos contraceptivos mais usados, a p\u00edlula (26,4%) e a camisinha (18,6%) lideram a lista. Mais de 15% das mulheres disseram n\u00e3o fazer uso de nenhum m\u00e9todo para impedir a gravidez. O horm\u00f4nio injet\u00e1vel foi indicado por 10,8% das entrevistadas. A combina\u00e7\u00e3o de p\u00edlula e camisinha \u00e9 op\u00e7\u00e3o de 8,7% das mulheres. A laqueadura e a vasectomia aparecem com percentuais pr\u00f3ximos, de 8,1% e 6,2%, respectivamente. Na PNDS de 2006, 21,8% das brasileiras em idade f\u00e9rtil estavam esterilizadas.<\/p>\n<p>A aproxima\u00e7\u00e3o entre os percentuais de esteriliza\u00e7\u00e3o pode ser considerada um avan\u00e7o na avalia\u00e7\u00e3o da coordenadora do estudo. Entre os motivos que explicam a queda na op\u00e7\u00e3o pela laqueadura est\u00e3o as mudan\u00e7as nos crit\u00e9rios para o procedimento no SUS, definidos em 1997. \u201cO principal deles \u00e9 a dissocia\u00e7\u00e3o da realiza\u00e7\u00e3o da laqueadura no momento do parto. Como as mulheres brasileiras fazem preferencialmente nessa hora, ter que voltar a um servi\u00e7o p\u00fablico pelo menos 42 dias depois do parto, conseguir vaga para se internar \u00e9 tarefa poss\u00edvel, mas dif\u00edcil\u201d, exemplificou.<\/p>\n<p>Ela cita tamb\u00e9m a diminui\u00e7\u00e3o da taxa de fecundidade. \u201cIsso aconteceu no mundo inteiro, porque a laqueadura foi tradicionalmente o m\u00e9todo desejado por mulheres que tinham v\u00e1rios filhos rapidamente. Come\u00e7avam a vida sexual, j\u00e1 engravidavam, tinham filhos, dois ou tr\u00eas, e queriam encerrar a reprodu\u00e7\u00e3o. Como agora a gente tem uma fecundidade menor, imagino que essa press\u00e3o tenha diminu\u00eddo para as mulheres tamb\u00e9m\u201d, avaliou.<\/p>\n<p>A pesquisadora destaca que a tend\u00eancia mundial \u00e9 que a contracep\u00e7\u00e3o se torna cada vez mais hormonal e, embora esse m\u00e9todo tenha efeitos colaterais, cabe a mulher decidir sobre como evitar\u00e1 a gravidez ao longo da vida. \u201c[Cabe ao Estado] ofertar todas as alternativas, porque a maior parte das mulheres, dos 15 aos 44 anos, vai enfrentar esse trabalho da anticoncep\u00e7\u00e3o. Se puder, ela vai variar e pode at\u00e9 chegar uma hora em que ela j\u00e1 passou por gravidezes e n\u00e3o quer mais, que ela possa fazer laqueadura\u201d, defendeu.<\/p>\n<p>P\u00edlula do dia seguinte<br \/>\nA maioria dos m\u00e9todos contraceptivos previne a gravidez antes ou durante a rela\u00e7\u00e3o sexual. A p\u00edlula do dia seguinte, no entanto, \u00e9 classificada pelo Minist\u00e9rio da Sa\u00fade como Anticoncep\u00e7\u00e3o de Emerg\u00eancia (AE), por ser um m\u00e9todo que pode evitar a gravidez ap\u00f3s a rela\u00e7\u00e3o sexual. O rem\u00e9dio utiliza compostos hormonais concentrados e por curto per\u00edodo de tempo, nos dias seguintes \u00e0 rela\u00e7\u00e3o sexual.<\/p>\n<p>Camila Boehm e Camila Maciel \u2013 Rep\u00f3rteres da Ag\u00eancia Brasil<br \/>\nEdi\u00e7\u00e3o: Denise Griesinger<br \/>\n18\/09\/2018 <\/p>\n","protected":false},"excerpt":{"rendered":"<p>Metade das mulheres em idade f\u00e9rtil \u2013 de 15 a 44 anos \u2013 do munic\u00edpio de S\u00e3o Paulo j\u00e1 fizeram uso da p\u00edlula do dia seguinte, aponta pesquisa do Instituto de Sa\u00fade, \u00f3rg\u00e3o ligado \u00e0 Secretaria Estadual de Sa\u00fade, em colabora\u00e7\u00e3o com o N\u00facleo de Estudos em Popula\u00e7\u00e3o (Nepo), da Universidade Estadual de Campinas (Unicamp). [&hellip;]<\/p>\n","protected":false},"author":2,"featured_media":148107,"comment_status":"open","ping_status":"closed","sticky":false,"template":"","format":"standard","meta":{"tdm_status":"","tdm_grid_status":"","footnotes":""},"categories":[22,5],"tags":[],"class_list":{"0":"post-152255","1":"post","2":"type-post","3":"status-publish","4":"format-standard","5":"has-post-thumbnail","7":"category-brasil","8":"category-saude-e-vida"},"_links":{"self":[{"href":"https:\/\/migracao.redenoticia.com.br\/noticia\/wp-json\/wp\/v2\/posts\/152255","targetHints":{"allow":["GET"]}}],"collection":[{"href":"https:\/\/migracao.redenoticia.com.br\/noticia\/wp-json\/wp\/v2\/posts"}],"about":[{"href":"https:\/\/migracao.redenoticia.com.br\/noticia\/wp-json\/wp\/v2\/types\/post"}],"author":[{"embeddable":true,"href":"https:\/\/migracao.redenoticia.com.br\/noticia\/wp-json\/wp\/v2\/users\/2"}],"replies":[{"embeddable":true,"href":"https:\/\/migracao.redenoticia.com.br\/noticia\/wp-json\/wp\/v2\/comments?post=152255"}],"version-history":[{"count":0,"href":"https:\/\/migracao.redenoticia.com.br\/noticia\/wp-json\/wp\/v2\/posts\/152255\/revisions"}],"wp:featuredmedia":[{"embeddable":true,"href":"https:\/\/migracao.redenoticia.com.br\/noticia\/wp-json\/wp\/v2\/media\/148107"}],"wp:attachment":[{"href":"https:\/\/migracao.redenoticia.com.br\/noticia\/wp-json\/wp\/v2\/media?parent=152255"}],"wp:term":[{"taxonomy":"category","embeddable":true,"href":"https:\/\/migracao.redenoticia.com.br\/noticia\/wp-json\/wp\/v2\/categories?post=152255"},{"taxonomy":"post_tag","embeddable":true,"href":"https:\/\/migracao.redenoticia.com.br\/noticia\/wp-json\/wp\/v2\/tags?post=152255"}],"curies":[{"name":"wp","href":"https:\/\/api.w.org\/{rel}","templated":true}]}}