{"id":152264,"date":"2018-09-19T05:55:04","date_gmt":"2018-09-19T08:55:04","guid":{"rendered":"https:\/\/www.redenoticia.com.br\/noticia\/?p=152264"},"modified":"2018-09-19T01:49:26","modified_gmt":"2018-09-19T04:49:26","slug":"exigencia-de-vacinacao-para-matricula-nas-escolas-nao-e-consenso","status":"publish","type":"post","link":"https:\/\/migracao.redenoticia.com.br\/noticia\/2018\/exigencia-de-vacinacao-para-matricula-nas-escolas-nao-e-consenso\/152264","title":{"rendered":"Exig\u00eancia de vacina\u00e7\u00e3o para matr\u00edcula nas escolas n\u00e3o \u00e9 consenso"},"content":{"rendered":"<p> Com a percep\u00e7\u00e3o de queda nas coberturas vacinais nos \u00faltimos dois anos, o Minist\u00e9rio da Sa\u00fade estuda estrat\u00e9gias para reverter esse quadro. Uma delas seria exigir a apresenta\u00e7\u00e3o da <strong><em>carteira de vacina\u00e7\u00e3o para matr\u00edculas nas escolas<\/em><\/strong>. \u201cO Minist\u00e9rio da Sa\u00fade tem discutido com as sociedades de classe e civil sobre alternativas para melhorias dos dados e, consequentemente, a prote\u00e7\u00e3o das crian\u00e7as contra doen\u00e7as j\u00e1 eliminadas, como a poliomielite e o sarampo. <\/p>\n<p>Atualmente, o Programa Sa\u00fade na Escola (PSE), do Minist\u00e9rio da Sa\u00fade em parceria com Minist\u00e9rio da Educa\u00e7\u00e3o (MEC), tem como uma de suas prioridades a vacina\u00e7\u00e3o, tema importante para sa\u00fade p\u00fablica\u201d, informou a pasta por meio de nota.<\/p>\n<p>O entendimento do MEC, no entanto, \u00e9 de que a Constitui\u00e7\u00e3o Federal garante que o acesso \u00e0 escola seja para todas as crian\u00e7as, \u201cn\u00e3o podendo ser cerceado pela exig\u00eancia de documenta\u00e7\u00e3o no ato da matr\u00edcula, mesmo sendo algo t\u00e3o vital como a carteira de vacina\u00e7\u00e3o\u201d, diz nota do MEC.<\/p>\n<p>\u201cO MEC compreende a relev\u00e2ncia da proposta e a necessidade de articula\u00e7\u00e3o intersetorial para o alcance dos resultados efetivos na preven\u00e7\u00e3o de doen\u00e7as e agravos \u00e0 sa\u00fade, cujos impactos na aprendizagem e desenvolvimento de crian\u00e7as e adolescentes s\u00e3o inquestion\u00e1veis\u201d, diz o texto.<\/p>\n<p>A pasta informa que apoia as a\u00e7\u00f5es de verifica\u00e7\u00e3o da situa\u00e7\u00e3o vacinal e a a\u00e7\u00e3o das escolas na orienta\u00e7\u00e3o de fam\u00edlias sobre a import\u00e2ncia da vacina\u00e7\u00e3o e dos cuidados \u00e0 sa\u00fade. \u201cEssas s\u00e3o estrat\u00e9gias que o MEC adota para viabilizar a atualiza\u00e7\u00e3o de documentos importantes como a caderneta de vacina\u00e7\u00e3o, garantindo ao mesmo tempo o direito \u00e0 educa\u00e7\u00e3o.<\/p>\n<p>Leandro Melito e Mariana Tokarnia \u2013 Rep\u00f3rteres da Ag\u00eancia Brasil<br \/>\nEdi\u00e7\u00e3o: Denise Griesinger<br \/>\n18\/09\/2018 <\/p>\n","protected":false},"excerpt":{"rendered":"<p>Com a percep\u00e7\u00e3o de queda nas coberturas vacinais nos \u00faltimos dois anos, o Minist\u00e9rio da Sa\u00fade estuda estrat\u00e9gias para reverter esse quadro. Uma delas seria exigir a apresenta\u00e7\u00e3o da carteira de vacina\u00e7\u00e3o para matr\u00edculas nas escolas. \u201cO Minist\u00e9rio da Sa\u00fade tem discutido com as sociedades de classe e civil sobre alternativas para melhorias dos dados [&hellip;]<\/p>\n","protected":false},"author":2,"featured_media":148095,"comment_status":"open","ping_status":"closed","sticky":false,"template":"","format":"standard","meta":{"tdm_status":"","tdm_grid_status":"","footnotes":""},"categories":[22,5],"tags":[],"class_list":{"0":"post-152264","1":"post","2":"type-post","3":"status-publish","4":"format-standard","5":"has-post-thumbnail","7":"category-brasil","8":"category-saude-e-vida"},"_links":{"self":[{"href":"https:\/\/migracao.redenoticia.com.br\/noticia\/wp-json\/wp\/v2\/posts\/152264","targetHints":{"allow":["GET"]}}],"collection":[{"href":"https:\/\/migracao.redenoticia.com.br\/noticia\/wp-json\/wp\/v2\/posts"}],"about":[{"href":"https:\/\/migracao.redenoticia.com.br\/noticia\/wp-json\/wp\/v2\/types\/post"}],"author":[{"embeddable":true,"href":"https:\/\/migracao.redenoticia.com.br\/noticia\/wp-json\/wp\/v2\/users\/2"}],"replies":[{"embeddable":true,"href":"https:\/\/migracao.redenoticia.com.br\/noticia\/wp-json\/wp\/v2\/comments?post=152264"}],"version-history":[{"count":0,"href":"https:\/\/migracao.redenoticia.com.br\/noticia\/wp-json\/wp\/v2\/posts\/152264\/revisions"}],"wp:featuredmedia":[{"embeddable":true,"href":"https:\/\/migracao.redenoticia.com.br\/noticia\/wp-json\/wp\/v2\/media\/148095"}],"wp:attachment":[{"href":"https:\/\/migracao.redenoticia.com.br\/noticia\/wp-json\/wp\/v2\/media?parent=152264"}],"wp:term":[{"taxonomy":"category","embeddable":true,"href":"https:\/\/migracao.redenoticia.com.br\/noticia\/wp-json\/wp\/v2\/categories?post=152264"},{"taxonomy":"post_tag","embeddable":true,"href":"https:\/\/migracao.redenoticia.com.br\/noticia\/wp-json\/wp\/v2\/tags?post=152264"}],"curies":[{"name":"wp","href":"https:\/\/api.w.org\/{rel}","templated":true}]}}