{"id":152472,"date":"2018-09-22T01:10:19","date_gmt":"2018-09-22T04:10:19","guid":{"rendered":"https:\/\/www.redenoticia.com.br\/noticia\/?p=152472"},"modified":"2018-09-22T10:05:58","modified_gmt":"2018-09-22T13:05:58","slug":"varejo-perde-r-195-bilhoes-em-2017-por-danos-em-produtos-e-furtos","status":"publish","type":"post","link":"https:\/\/migracao.redenoticia.com.br\/noticia\/2018\/varejo-perde-r-195-bilhoes-em-2017-por-danos-em-produtos-e-furtos\/152472","title":{"rendered":"Varejo perde R$ 19,5 bilh\u00f5es em 2017 por danos em produtos e furtos"},"content":{"rendered":"<p> O <strong><em>varejo brasileiro<\/em><\/strong> perdeu, em m\u00e9dia, 1,29% do faturamento no ano passado em preju\u00edzos com falhas no manuseio de produtos, vencimento de mercadorias ou furtos. Os dados s\u00e3o da Associa\u00e7\u00e3o Brasileira de Preven\u00e7\u00e3o de Perdas (Abrappe) e reuniu 100 empresas de 11 segmentos diferentes. O valor equivalente das perdas alcan\u00e7a R$ 19,5 bilh\u00f5es da receita do setor em 2017. De acordo com a associa\u00e7\u00e3o, o montante seria suficiente para \u201ccriar\u201d a sexta maior empresa varejista do Brasil em faturamento. A receita total do setor no ano passado foi R$ 1,51 trilh\u00e3o.<\/p>\n<p>Segundo o presidente da Abrappe, Carlos Eduardo Santos, disse que o \u00edndice j\u00e1 indicava tend\u00eancia de queda nas apura\u00e7\u00f5es anteriores, quando a m\u00e9dia ficou em 1,40%, em 2015, e 1,32%, em 2016. Entretanto, a pesquisa nos anos anteriores era produzida pela Comiss\u00e3o de Preven\u00e7\u00e3o de Perdas, Auditoria e Gerenciamento de Riscos (CPAR) \u2013 organiza\u00e7\u00e3o que j\u00e1 reunia os membros que hoje fazem parte da associa\u00e7\u00e3o \u2013 com a mesma metodologia, mas com oito segmentos. <\/p>\n<p>Entre os motivos que explicam a redu\u00e7\u00e3o das perdas, na avalia\u00e7\u00e3o de Santos, est\u00e3o os investimentos feitos pelas empresas, mas tamb\u00e9m a crise econ\u00f4mica. \u201cEstamos em um per\u00edodo de retra\u00e7\u00e3o e quando isso acontece a empresa olha para dentro de casa para melhorar a sua efici\u00eancia. Ent\u00e3o isso se confirmou pelo resultado m\u00e9dio\u201d, disse. Ao reduzir as perdas, as empresas garantem a manuten\u00e7\u00e3o da margem de lucro.<\/p>\n<p>Dos segmentos analisados apenas o de supermercados e o de livrarias\/papelarias tem percentual de perdas acima da m\u00e9dia nacional. No varejo supermercadista, as perdas representam 1,94% do faturamento, sendo 1,03% referente a quebras operacionais (produto vencido, dano causado pela manipula\u00e7\u00e3o, entre outros). No caso das livrarias, o percentual \u00e9 de 1,46%. Desse total, 0,88% corresponde a perdas n\u00e3o identificadas, como furtos, rupturas e erros de estoque.<\/p>\n<p>Os demais setores por volume de perdas s\u00e3o varejo de esportes (1,21%), moda (1,20%), drogarias (1,13%), atacarejo [neologismo que designa uma forma de com\u00e9rcio que re\u00fane atributos do atacado e do varejo] (1,05%), constru\u00e7\u00e3o e lar (1,04%), magazines (0,84%), perfumaria (0,70%), cal\u00e7ados (0,53%) e eletrom\u00f3veis (0,34%). <\/p>\n<p>Tipos de perda<br \/>\nEm rela\u00e7\u00e3o ao tipo de perda no total, as quebras operacionais representam 35%, os furtos externos, 24%, e os furtos internos, 15%. Somadas, as modalidades de furto alcan\u00e7am 39%. Erros de invent\u00e1rios e erros administrativos aparecem em seguida, com 10% e 9%, respectivamente.<\/p>\n<p>Nas quebras operacionais, entre os fatos mais recorrentes est\u00e3o os produtos atingirem o vencimento (24%), seguido pelos itens danificados por clientes (18%), pela deteriora\u00e7\u00e3o\/perecibilidade (16%) e pelo manejo incorreto dos funcion\u00e1rios (13%).<\/p>\n<p>Margem de lucro<br \/>\nSantos aponta que o principal impacto para as empresas \u00e9 a diminui\u00e7\u00e3o na margem de lucro. Ele avalia que estabelecimentos que fazem a gest\u00e3o das perdas conseguem compor a margem com mais visibilidade. \u201cA gente costuma dizer que uma empresa que tem preven\u00e7\u00e3o de perdas \u00e9 mais competitiva porque elas sabem quanto perdem e, a partir do momento que elas sabem, tem que implementar um programa para que possa reduzir esse n\u00edvel de perda encontrado. Ao reduzir a perda, automaticamente aumenta a margem de lucro\u201d, disse. De acordo com o presidente da Abrappe, a partir desse ganho de gest\u00e3o interna, \u00e9 poss\u00edvel repassar parte desse ganho.<\/p>\n<p>Por outro lado, empresas que n\u00e3o fazem gest\u00e3o de perdas podem repassar o preju\u00edzo para o consumidor. \u201c\u00c9 uma quest\u00e3o de sobreviv\u00eancia fazer uma gest\u00e3o de perdas. Quanto menor for o \u00edndice de perda, maior \u00e9 a margem que vai obter e maior a competitividade. Quanto maior o \u00edndice de perda, menos competitivo ele \u00e9, mais isso impacta em pre\u00e7o\u201d.<\/p>\n<p>Fernanda Della Rosa, assessora econ\u00f4mica da Federa\u00e7\u00e3o do Com\u00e9rcio de Bens, Servi\u00e7os e Turismo do Estado de S\u00e3o Paulo (FecomercioSP), diz que planos de preven\u00e7\u00e3o de perdas s\u00e3o fundamentais para reduzir a chamada \u201cquebra de invent\u00e1rio\u201d. \u201cSe a empresa quer ser mais competitiva, vender o seu produto com desconto, com promo\u00e7\u00f5es, n\u00e3o sobra muito campo para fazer isso, porque tamb\u00e9m n\u00e3o pode vender no preju\u00edzo e acaba tendo uma menor competitividade\u201d.<\/p>\n<p>A assessora cita como exemplo de modelos de planos de preven\u00e7\u00e3o de perdas o estabelecimento de participa\u00e7\u00e3o de lucros para funcion\u00e1rios que tenham como metas a redu\u00e7\u00e3o de quebra de invent\u00e1rio. \u201cTodo mundo se compromete. Um olha o outro e tamb\u00e9m existe maior observa\u00e7\u00e3o dos funcion\u00e1rios em rela\u00e7\u00e3o ao p\u00fablico externo. Existe uma meta, uma motiva\u00e7\u00e3o\u201d, disse. <\/p>\n<p>Camila Maciel \u2013 Rep\u00f3rter da Ag\u00eancia Brasil<br \/>\nEdi\u00e7\u00e3o: F\u00e1bio Massalli<br \/>\n21\/09\/2018<\/p>\n","protected":false},"excerpt":{"rendered":"<p>O varejo brasileiro perdeu, em m\u00e9dia, 1,29% do faturamento no ano passado em preju\u00edzos com falhas no manuseio de produtos, vencimento de mercadorias ou furtos. Os dados s\u00e3o da Associa\u00e7\u00e3o Brasileira de Preven\u00e7\u00e3o de Perdas (Abrappe) e reuniu 100 empresas de 11 segmentos diferentes. O valor equivalente das perdas alcan\u00e7a R$ 19,5 bilh\u00f5es da receita [&hellip;]<\/p>\n","protected":false},"author":2,"featured_media":148074,"comment_status":"open","ping_status":"closed","sticky":false,"template":"","format":"standard","meta":{"tdm_status":"","tdm_grid_status":"","footnotes":""},"categories":[22,388,7],"tags":[],"class_list":{"0":"post-152472","1":"post","2":"type-post","3":"status-publish","4":"format-standard","5":"has-post-thumbnail","7":"category-brasil","8":"category-destaques","9":"category-economia"},"_links":{"self":[{"href":"https:\/\/migracao.redenoticia.com.br\/noticia\/wp-json\/wp\/v2\/posts\/152472","targetHints":{"allow":["GET"]}}],"collection":[{"href":"https:\/\/migracao.redenoticia.com.br\/noticia\/wp-json\/wp\/v2\/posts"}],"about":[{"href":"https:\/\/migracao.redenoticia.com.br\/noticia\/wp-json\/wp\/v2\/types\/post"}],"author":[{"embeddable":true,"href":"https:\/\/migracao.redenoticia.com.br\/noticia\/wp-json\/wp\/v2\/users\/2"}],"replies":[{"embeddable":true,"href":"https:\/\/migracao.redenoticia.com.br\/noticia\/wp-json\/wp\/v2\/comments?post=152472"}],"version-history":[{"count":0,"href":"https:\/\/migracao.redenoticia.com.br\/noticia\/wp-json\/wp\/v2\/posts\/152472\/revisions"}],"wp:featuredmedia":[{"embeddable":true,"href":"https:\/\/migracao.redenoticia.com.br\/noticia\/wp-json\/wp\/v2\/media\/148074"}],"wp:attachment":[{"href":"https:\/\/migracao.redenoticia.com.br\/noticia\/wp-json\/wp\/v2\/media?parent=152472"}],"wp:term":[{"taxonomy":"category","embeddable":true,"href":"https:\/\/migracao.redenoticia.com.br\/noticia\/wp-json\/wp\/v2\/categories?post=152472"},{"taxonomy":"post_tag","embeddable":true,"href":"https:\/\/migracao.redenoticia.com.br\/noticia\/wp-json\/wp\/v2\/tags?post=152472"}],"curies":[{"name":"wp","href":"https:\/\/api.w.org\/{rel}","templated":true}]}}