{"id":15258,"date":"2009-10-26T19:02:06","date_gmt":"2009-10-26T23:02:06","guid":{"rendered":"http:\/\/www.redenoticia.com.br\/noticia\/?p=15258"},"modified":"2009-10-26T19:02:06","modified_gmt":"2009-10-26T23:02:06","slug":"isabeli-fontana-caca-bueno-e-sergio-reis-estao-no-proximo-episodio-do-tnt-filme%c2%ae","status":"publish","type":"post","link":"https:\/\/migracao.redenoticia.com.br\/noticia\/2009\/isabeli-fontana-caca-bueno-e-sergio-reis-estao-no-proximo-episodio-do-tnt-filme%c2%ae\/15258","title":{"rendered":"Isabeli Fontana, Cac\u00e1 Bueno e S\u00e9rgio reis est\u00e3o no pr\u00f3ximo epis\u00f3dio do TNT + FILME\u00ae"},"content":{"rendered":"<p>O epis\u00f3dio de n\u00famero 5 do programa TNT+FILME\u00ae vai conversar com famosos de todas as \u00e1reas de atua\u00e7\u00e3o. Diretamente das passarelas, a modelo <strong>Isabeli Fontana<\/strong> fala sobre os bastidores do mundo das modelos, comentando ainda o filme &#8220;Top Models: Um Conto de Fadas Brasileiro&#8221;. Filmes tamb\u00e9m s\u00e3o o assunto do cantor sertanejo <strong>S\u00e9rgio Reis<\/strong> &#8211; que, ao lado do diretor <strong>Jeremias Moreira<\/strong> (O Menino da Porteira), comenta o retrato do mundo rural nas telonas. Para completar, o piloto <strong>Cac\u00e1 Bueno<\/strong>, grande destaque da categoria Stock Car, desvenda sua paix\u00e3o pelas corridas de carros, incluindo aquelas memor\u00e1veis que s\u00f3 podem ser vistas nos melhores filmes de a\u00e7\u00e3o.<\/p>\n<p>O quinto epis\u00f3dio do TNT+FILME\u00ae vai ao ar na pr\u00f3xima ter\u00e7a-feira, dia 3 de novembro, a partir das 19h*.<\/p>\n<p>Produ\u00e7\u00e3o original da TNT, a revista eletr\u00f4nica TNT+FILME\u00ae \u00e9 apresentada pela atriz Virginia Cavendish e pelo cr\u00edtico de cinema Rubens Ewald Filho. Usando reportagens, entrevistas com celebridades, trechos de filmes e cenas de bastidores, Virginia vai apresentando pistas da equa\u00e7\u00e3o final para que os espectadores tentem adivinhar qual \u00e9 o filme-tema da vez. Ao final, Rubens, considerado uma enciclop\u00e9dia viva do cinema, faz suas considera\u00e7\u00f5es e apresenta a resposta.<\/p>\n<p>*Hor\u00e1rio de Bras\u00edlia. Programa\u00e7\u00e3o sujeita a altera\u00e7\u00f5es sem aviso pr\u00e9vio.<\/p>\n<p>TNT \u00e9 uma das redes de TV por assinatura l\u00edderes na Am\u00e9rica Latina e Caribe. Em sua programa\u00e7\u00e3o, oferece os mais recentes sucessos de bilheteria produzidos em Hollywood, eventos especiais como a entrega dos pr\u00eamios ACADEMY AWARDS\u00d2 e o GRAMMYs\u00d2Latino, shows com os artistas mais famosos do momento e produ\u00e7\u00f5es originais, como PROJETO 48\u00ae e DIRETORES LATINOS\u00ae. Transmitida em tr\u00eas idiomas (portugu\u00eas, espanhol e ingl\u00eas), a TNT possui cinco sinais de sat\u00e9lite, cobrindo as seguintes \u00e1reas: Brasil, Argentina, M\u00e9xico, Venezuela e o restante da Am\u00e9rica Latina e Caribe. A TNT est\u00e1 dispon\u00edvel para, aproximadamente, tr\u00eas milh\u00f5es de assinantes no Brasil e alcan\u00e7a mais de 29 milh\u00f5es de domic\u00edlios na Am\u00e9rica Latina, o que a torna um dos canais com maior distribui\u00e7\u00e3o na regi\u00e3o.<\/p>\n","protected":false},"excerpt":{"rendered":"<p>O epis\u00f3dio de n\u00famero 5 do programa TNT+FILME\u00ae vai conversar com famosos de todas as \u00e1reas de atua\u00e7\u00e3o. Diretamente das passarelas, a modelo Isabeli Fontana fala sobre os bastidores do mundo das modelos, comentando ainda o filme &#8220;Top Models: Um Conto de Fadas Brasileiro&#8221;. Filmes tamb\u00e9m s\u00e3o o assunto do cantor sertanejo S\u00e9rgio Reis &#8211; [&hellip;]<\/p>\n","protected":false},"author":3,"featured_media":0,"comment_status":"open","ping_status":"open","sticky":false,"template":"","format":"standard","meta":{"tdm_status":"","tdm_grid_status":"","footnotes":""},"categories":[343],"tags":[],"class_list":{"0":"post-15258","1":"post","2":"type-post","3":"status-publish","4":"format-standard","6":"category-televisao"},"_links":{"self":[{"href":"https:\/\/migracao.redenoticia.com.br\/noticia\/wp-json\/wp\/v2\/posts\/15258","targetHints":{"allow":["GET"]}}],"collection":[{"href":"https:\/\/migracao.redenoticia.com.br\/noticia\/wp-json\/wp\/v2\/posts"}],"about":[{"href":"https:\/\/migracao.redenoticia.com.br\/noticia\/wp-json\/wp\/v2\/types\/post"}],"author":[{"embeddable":true,"href":"https:\/\/migracao.redenoticia.com.br\/noticia\/wp-json\/wp\/v2\/users\/3"}],"replies":[{"embeddable":true,"href":"https:\/\/migracao.redenoticia.com.br\/noticia\/wp-json\/wp\/v2\/comments?post=15258"}],"version-history":[{"count":0,"href":"https:\/\/migracao.redenoticia.com.br\/noticia\/wp-json\/wp\/v2\/posts\/15258\/revisions"}],"wp:attachment":[{"href":"https:\/\/migracao.redenoticia.com.br\/noticia\/wp-json\/wp\/v2\/media?parent=15258"}],"wp:term":[{"taxonomy":"category","embeddable":true,"href":"https:\/\/migracao.redenoticia.com.br\/noticia\/wp-json\/wp\/v2\/categories?post=15258"},{"taxonomy":"post_tag","embeddable":true,"href":"https:\/\/migracao.redenoticia.com.br\/noticia\/wp-json\/wp\/v2\/tags?post=15258"}],"curies":[{"name":"wp","href":"https:\/\/api.w.org\/{rel}","templated":true}]}}