{"id":15260,"date":"2009-10-26T18:59:35","date_gmt":"2009-10-26T22:59:35","guid":{"rendered":"http:\/\/www.redenoticia.com.br\/noticia\/?p=15260"},"modified":"2009-10-26T19:00:17","modified_gmt":"2009-10-26T23:00:17","slug":"tato-gabus-mendes-conta-historias-do-pai-cassiano-no-mobile","status":"publish","type":"post","link":"https:\/\/migracao.redenoticia.com.br\/noticia\/2009\/tato-gabus-mendes-conta-historias-do-pai-cassiano-no-mobile\/15260","title":{"rendered":"Tato Gabus Mendes conta hist\u00f3rias do pai, Cassiano, no m\u00f3bile"},"content":{"rendered":"<p><a href=\"https:\/\/migracao.redenoticia.com.br\/noticia\/imagens\/\/tatu-t.png\"><img loading=\"lazy\" decoding=\"async\" class=\"alignleft size-full wp-image-15261\" title=\"tatu t\" src=\"https:\/\/migracao.redenoticia.com.br\/noticia\/imagens\/\/tatu-t.png\" alt=\"tatu t\" width=\"150\" height=\"113\" \/><\/a>O ator <strong>Tato Gabus Mendes<\/strong> lembra hist\u00f3rias vividas ao lado do pai, o autor de novelas <strong>Cassiano Gabus Mendes<\/strong>, durante grava\u00e7\u00e3o do M\u00f3bile, da <strong>TV Cultura<\/strong>: &#8220;S\u00e3o momentos muito gostosos que n\u00e3o passam e diminuem a dor da saudade&#8221;, conta. Esta edi\u00e7\u00e3o do programa vai ao ar quarta-feira (28\/10), \u00e0s 22h10. O M\u00f3bile \u00e9 exibido na \u00faltima quarta-feira do m\u00eas. Tato tamb\u00e9m revela o quanto o pai era severo e dedicado ao trabalho, e fala da paix\u00e3o que ele tinha por futebol e pelo seu time do cora\u00e7\u00e3o, o S\u00e3o Paulo. E faz uma confiss\u00e3o: Nesse momento, quando ele est\u00e1 tentando escrever, \u00e9 que mais sente falta da presen\u00e7a e da opini\u00e3o firme e profissional de Cassiano. Ao fim da entrevista, comenta sobre a pe\u00e7a Adorei o que Voc\u00ea Fez em que atua ao lado de M\u00e1rcia Cabrita, e que reabriu o Teatro Cultura Art\u00edstica, em S\u00e3o Paulo.<\/p>\n<p>Tamb\u00e9m no M\u00f3bile a participa\u00e7\u00e3o divertida dos irm\u00e3os Paulo e Chico Caruso, que apresentam a s\u00e1tira musical Bom \u00e9 ser presidente &#8211; momento em que eles contam hist\u00f3rias marcantes dos pol\u00edticos que ocuparam a cadeira presidencial do pa\u00eds, como Jos\u00e9 Sarney, Fernando Collor de Mello, Itamar Franco, FHC e Lula. O n\u00famero faz parte do projeto Cabar\u00e9 Caruso, que se apresentou recentemente no Rio de Janeiro, e une o circo, a ilus\u00e3o, a m\u00fasica, o humor, o tra\u00e7o, a pintura e muita emo\u00e7\u00e3o.<\/p>\n<p>O programa traz ainda uma entrevista com o poeta, fot\u00f3grafo e artista gr\u00e1fico portugu\u00eas Fernando Lemos, que fala de sua trajet\u00f3ria profissional e da influ\u00eancia do Dada\u00edsmo e de nomes como Freud e Young em seu trabalho. E na entrevista com Artur Matuck, um dos pioneiros em arte-comunica\u00e7\u00e3o no Brasil, o telespectador vai saber um pouco sobre os s\u00edmbolos internacionais para informa\u00e7\u00e3o liberada (Semion) e para re-informa\u00e7\u00e3o (SemionR).<\/p>\n<p>Para fechar, duas apresenta\u00e7\u00f5es musicais: uma com o grupo Afro Samba tocando no audit\u00f3rio do Ibirapuera, em S\u00e3o Paulo, e que traz a cantora M\u00f4nica Salmaso cantando Consola\u00e7\u00e3o, de Baden Powell e Vinicius de Moraes, ao lado de Felipe Powell, e outra com o cantor Diego el Cigala e o pianista cubano Bebo Valdes, que apresentam juntos Cuba Linda (Virg\u00edlio Marti), do DVD Blanco y Negro.<\/p>\n","protected":false},"excerpt":{"rendered":"<p>O ator Tato Gabus Mendes lembra hist\u00f3rias vividas ao lado do pai, o autor de novelas Cassiano Gabus Mendes, durante grava\u00e7\u00e3o do M\u00f3bile, da TV Cultura: &#8220;S\u00e3o momentos muito gostosos que n\u00e3o passam e diminuem a dor da saudade&#8221;, conta. Esta edi\u00e7\u00e3o do programa vai ao ar quarta-feira (28\/10), \u00e0s 22h10. O M\u00f3bile \u00e9 exibido [&hellip;]<\/p>\n","protected":false},"author":3,"featured_media":0,"comment_status":"open","ping_status":"open","sticky":false,"template":"","format":"standard","meta":{"tdm_status":"","tdm_grid_status":"","footnotes":""},"categories":[343],"tags":[],"class_list":{"0":"post-15260","1":"post","2":"type-post","3":"status-publish","4":"format-standard","6":"category-televisao"},"_links":{"self":[{"href":"https:\/\/migracao.redenoticia.com.br\/noticia\/wp-json\/wp\/v2\/posts\/15260","targetHints":{"allow":["GET"]}}],"collection":[{"href":"https:\/\/migracao.redenoticia.com.br\/noticia\/wp-json\/wp\/v2\/posts"}],"about":[{"href":"https:\/\/migracao.redenoticia.com.br\/noticia\/wp-json\/wp\/v2\/types\/post"}],"author":[{"embeddable":true,"href":"https:\/\/migracao.redenoticia.com.br\/noticia\/wp-json\/wp\/v2\/users\/3"}],"replies":[{"embeddable":true,"href":"https:\/\/migracao.redenoticia.com.br\/noticia\/wp-json\/wp\/v2\/comments?post=15260"}],"version-history":[{"count":0,"href":"https:\/\/migracao.redenoticia.com.br\/noticia\/wp-json\/wp\/v2\/posts\/15260\/revisions"}],"wp:attachment":[{"href":"https:\/\/migracao.redenoticia.com.br\/noticia\/wp-json\/wp\/v2\/media?parent=15260"}],"wp:term":[{"taxonomy":"category","embeddable":true,"href":"https:\/\/migracao.redenoticia.com.br\/noticia\/wp-json\/wp\/v2\/categories?post=15260"},{"taxonomy":"post_tag","embeddable":true,"href":"https:\/\/migracao.redenoticia.com.br\/noticia\/wp-json\/wp\/v2\/tags?post=15260"}],"curies":[{"name":"wp","href":"https:\/\/api.w.org\/{rel}","templated":true}]}}