{"id":15263,"date":"2009-10-26T19:03:52","date_gmt":"2009-10-26T23:03:52","guid":{"rendered":"http:\/\/www.redenoticia.com.br\/noticia\/?p=15263"},"modified":"2009-10-26T19:03:52","modified_gmt":"2009-10-26T23:03:52","slug":"renner-leva-o-melhor-do-verao-2010-para-as-telas-de-tv","status":"publish","type":"post","link":"https:\/\/migracao.redenoticia.com.br\/noticia\/2009\/renner-leva-o-melhor-do-verao-2010-para-as-telas-de-tv\/15263","title":{"rendered":"Renner leva o melhor do ver\u00e3o 2010 para as telas de TV"},"content":{"rendered":"<p><a href=\"https:\/\/migracao.redenoticia.com.br\/noticia\/imagens\/\/renner-t.png\"><img loading=\"lazy\" decoding=\"async\" class=\"alignleft size-full wp-image-15264\" title=\"renner t\" src=\"https:\/\/migracao.redenoticia.com.br\/noticia\/imagens\/\/renner-t.png\" alt=\"renner t\" width=\"150\" height=\"113\" srcset=\"https:\/\/migracao.redenoticia.com.br\/noticia\/imagens\/renner-t.png 150w, https:\/\/migracao.redenoticia.com.br\/noticia\/imagens\/renner-t-148x112.png 148w\" sizes=\"auto, (max-width: 150px) 100vw, 150px\" \/><\/a>A campanha <strong>Renner Ver\u00e3o 2010<\/strong> leva para as telinhas de todo o pa\u00eds os hits que prometem deixar a pr\u00f3xima temporada irresistivelmente mais gostosa. O filme criado pela Super Produ\u00e7\u00f5es, conta com duas vers\u00f5es: 30 e 45 segundos. A pe\u00e7a foi produzida em Trancoso (BA) e a equipe percorreu o litoral sul da Bahia em busca das mais lindas paisagens naturais entre praias, mangue, mata, coqueiral e fal\u00e9sias para emoldurar os looks do Ver\u00e3o Renner.<\/p>\n<p>&#8220;O filme apresenta ao p\u00fablico um ver\u00e3o perfeito de muito frescor e cor, num cen\u00e1rio tropical e paradis\u00edaco com toques da cultura brasileira. N\u00e3o medimos esfor\u00e7os em busca de cen\u00e1rios e loca\u00e7\u00f5es que traduzissem as riquezas naturais e a tropicalidade da Bahia&#8221;, comenta Luciane Franciscone, gerente geral de propaganda e promo\u00e7\u00f5es da Lojas Renner.<\/p>\n<p>Al\u00e9m do filme, a Renner est\u00e1 lan\u00e7ando a Revista Renner Ver\u00e3o 2010, que \u00e9 gratuita e j\u00e1 est\u00e1 nas lojas da rede em todo o pa\u00eds. A vers\u00e3o online da publica\u00e7\u00e3o j\u00e1 pode ser acessada no site www.lojasrenner.com.br e traz ainda v\u00eddeos e muita interatividade.<\/p>\n<p>Ficha T\u00e9cnica<\/p>\n<p>Cliente: Lojas Renner<br \/>\nAg\u00eancia: Super Publicidade<br \/>\nT\u00edtulo: Renner Ver\u00e3o 2010<br \/>\nDiretor Geral: Gustavo Aguiar<br \/>\nAtendimento: Claudio Loureiro Nunes e Bruna Manzano<br \/>\nPlanejamento: Alessandra Pinho<br \/>\nDiretor de arte: Rafael Luz e Paulo Alday<br \/>\nEdi\u00e7\u00e3o de moda: Jussara Rom\u00e3o<br \/>\nProdutora Filme: Super Studio<br \/>\nDiretor do Filme: Marcelo Rodrigues<br \/>\nProdutora \u00c1udio: Back2Back<br \/>\nAprova\u00e7\u00e3o\/cliente: Luciane Franciscone Alessandra Carvalho Almeida<\/p>\n","protected":false},"excerpt":{"rendered":"<p>A campanha Renner Ver\u00e3o 2010 leva para as telinhas de todo o pa\u00eds os hits que prometem deixar a pr\u00f3xima temporada irresistivelmente mais gostosa. O filme criado pela Super Produ\u00e7\u00f5es, conta com duas vers\u00f5es: 30 e 45 segundos. A pe\u00e7a foi produzida em Trancoso (BA) e a equipe percorreu o litoral sul da Bahia em [&hellip;]<\/p>\n","protected":false},"author":3,"featured_media":0,"comment_status":"open","ping_status":"open","sticky":false,"template":"","format":"standard","meta":{"tdm_status":"","tdm_grid_status":"","footnotes":""},"categories":[343],"tags":[],"class_list":{"0":"post-15263","1":"post","2":"type-post","3":"status-publish","4":"format-standard","6":"category-televisao"},"_links":{"self":[{"href":"https:\/\/migracao.redenoticia.com.br\/noticia\/wp-json\/wp\/v2\/posts\/15263","targetHints":{"allow":["GET"]}}],"collection":[{"href":"https:\/\/migracao.redenoticia.com.br\/noticia\/wp-json\/wp\/v2\/posts"}],"about":[{"href":"https:\/\/migracao.redenoticia.com.br\/noticia\/wp-json\/wp\/v2\/types\/post"}],"author":[{"embeddable":true,"href":"https:\/\/migracao.redenoticia.com.br\/noticia\/wp-json\/wp\/v2\/users\/3"}],"replies":[{"embeddable":true,"href":"https:\/\/migracao.redenoticia.com.br\/noticia\/wp-json\/wp\/v2\/comments?post=15263"}],"version-history":[{"count":0,"href":"https:\/\/migracao.redenoticia.com.br\/noticia\/wp-json\/wp\/v2\/posts\/15263\/revisions"}],"wp:attachment":[{"href":"https:\/\/migracao.redenoticia.com.br\/noticia\/wp-json\/wp\/v2\/media?parent=15263"}],"wp:term":[{"taxonomy":"category","embeddable":true,"href":"https:\/\/migracao.redenoticia.com.br\/noticia\/wp-json\/wp\/v2\/categories?post=15263"},{"taxonomy":"post_tag","embeddable":true,"href":"https:\/\/migracao.redenoticia.com.br\/noticia\/wp-json\/wp\/v2\/tags?post=15263"}],"curies":[{"name":"wp","href":"https:\/\/api.w.org\/{rel}","templated":true}]}}