{"id":152778,"date":"2018-09-25T03:58:50","date_gmt":"2018-09-25T06:58:50","guid":{"rendered":"https:\/\/www.redenoticia.com.br\/noticia\/?p=152778"},"modified":"2018-09-24T20:10:39","modified_gmt":"2018-09-24T23:10:39","slug":"novela-jesus-resumo-26-09-adela-e-humilhada-nas-ruas-de-jerusalem","status":"publish","type":"post","link":"https:\/\/migracao.redenoticia.com.br\/noticia\/2018\/novela-jesus-resumo-26-09-adela-e-humilhada-nas-ruas-de-jerusalem\/152778","title":{"rendered":"Novela \u201cJesus\u201d resumo 26\/09: Adela \u00e9 humilhada nas ruas de Jerusal\u00e9m"},"content":{"rendered":"<p> <img loading=\"lazy\" decoding=\"async\" src=\"https:\/\/migracao.redenoticia.com.br\/noticia\/imagens\/jesus-resumo-novela-record-capitulo-150x112.jpg\" alt=\"\" width=\"150\" height=\"112\" class=\"alignleft size-thumbnail wp-image-148655\" srcset=\"https:\/\/migracao.redenoticia.com.br\/noticia\/imagens\/jesus-resumo-novela-record-capitulo-150x112.jpg 150w, https:\/\/migracao.redenoticia.com.br\/noticia\/imagens\/jesus-resumo-novela-record-capitulo-265x198.jpg 265w\" sizes=\"auto, (max-width: 150px) 100vw, 150px\" \/><em><strong>Novela \u201cJesus\u201d resumo 26\/09<\/strong><\/em>: no capitulo 047 (*) da novela \u201cJesus\u201d, quarta-feira, 26 de setembro, Pilatos diz que Barrab\u00e1s ficar\u00e1 preso at\u00e9 Maria Madalena reaparecer. Judas Iscariotes e Mateus caminham ao lado de Jesus e seus seguidores. Jo\u00e3o Batista permanece preso. Caius e Longinus seguem procurando Maria Madalena. Shabaka e Susana lamentam a aus\u00eancia da mo\u00e7a. Petronius seguem sem not\u00edcias de Madalena.<\/p>\n<p>Na pris\u00e3o, Barrab\u00e1s fica revoltado. B\u00eabada, Adela \u00e9 humilhada nas ruas de Jerusal\u00e9m. Malco tenta ajudar Ami a se locomover. Helena pensa em Judas Tadeu. Em uma cidade vizinha, Deborah, gr\u00e1vida de sete meses, alisa a barriga com tristeza. Tiago Justo se encontra com Arimat\u00e9ia. Deborah entra em trabalho de parto e o beb\u00ea \u00e9 dado a um casal. Jesus passa ensinamentos aos seus seguidores.<\/p>\n<p>Maria recebe o apoio de Miriam. Alguns meses se passam e Jesus retorna \u00e0 Jerusal\u00e9m. Barrab\u00e1s se irrita ao receber um p\u00e3o velho de um guarda. Deborah retorna para a casa de Arimat\u00e9ia e lamenta por tudo que passou. Tiago Justo pede conselhos a Nicodemos. Jesus se compadece ao ver Ami e pergunta se ele deseja ser curado. Jo\u00e3o Batista sofre na pris\u00e3o. Ami \u00e9 curado por Jesus e volta a andar.<\/p>\n<p>(*) edi\u00e7\u00e3o da Rede Record, Novela \u201cJesus\u201d, sujeito a altera\u00e7\u00e3o de data e conte\u00fado.<\/p>\n<p>\u201cJesus\u201d &#8211; Ap\u00f3s receber a anuncia\u00e7\u00e3o de que o filho de Deus estava a caminho, Maria (Cl\u00e1udia Mauro) d\u00e1 a luz ao escolhido e, junto com o marido Jos\u00e9 (Michel Bercovitch), cria com valores e bons princ\u00edpios o jovem escolhido Jesus (Dudu Azevedo). A profecia do escolhido incomoda o rei Herodes (Paulo Gorgulho), que passa a perseguir a fam\u00edlia, for\u00e7ando Maria e Jos\u00e9 a criarem Jesus como um jovem comum longe de sua miss\u00e3o.<\/p>\n","protected":false},"excerpt":{"rendered":"<p>Novela \u201cJesus\u201d resumo 26\/09: no capitulo 047 (*) da novela \u201cJesus\u201d, quarta-feira, 26 de setembro, Pilatos diz que Barrab\u00e1s ficar\u00e1 preso at\u00e9 Maria Madalena reaparecer. Judas Iscariotes e Mateus caminham ao lado de Jesus e seus seguidores. Jo\u00e3o Batista permanece preso. Caius e Longinus seguem procurando Maria Madalena. Shabaka e Susana lamentam a aus\u00eancia da [&hellip;]<\/p>\n","protected":false},"author":2,"featured_media":149879,"comment_status":"open","ping_status":"closed","sticky":false,"template":"","format":"standard","meta":{"tdm_status":"","tdm_grid_status":"","footnotes":""},"categories":[488,379,371,343],"tags":[441],"class_list":{"0":"post-152778","1":"post","2":"type-post","3":"status-publish","4":"format-standard","5":"has-post-thumbnail","7":"category-jesus","8":"category-novelas","9":"category-rede-record","10":"category-televisao","11":"tag-resumo-do-dia"},"_links":{"self":[{"href":"https:\/\/migracao.redenoticia.com.br\/noticia\/wp-json\/wp\/v2\/posts\/152778","targetHints":{"allow":["GET"]}}],"collection":[{"href":"https:\/\/migracao.redenoticia.com.br\/noticia\/wp-json\/wp\/v2\/posts"}],"about":[{"href":"https:\/\/migracao.redenoticia.com.br\/noticia\/wp-json\/wp\/v2\/types\/post"}],"author":[{"embeddable":true,"href":"https:\/\/migracao.redenoticia.com.br\/noticia\/wp-json\/wp\/v2\/users\/2"}],"replies":[{"embeddable":true,"href":"https:\/\/migracao.redenoticia.com.br\/noticia\/wp-json\/wp\/v2\/comments?post=152778"}],"version-history":[{"count":0,"href":"https:\/\/migracao.redenoticia.com.br\/noticia\/wp-json\/wp\/v2\/posts\/152778\/revisions"}],"wp:featuredmedia":[{"embeddable":true,"href":"https:\/\/migracao.redenoticia.com.br\/noticia\/wp-json\/wp\/v2\/media\/149879"}],"wp:attachment":[{"href":"https:\/\/migracao.redenoticia.com.br\/noticia\/wp-json\/wp\/v2\/media?parent=152778"}],"wp:term":[{"taxonomy":"category","embeddable":true,"href":"https:\/\/migracao.redenoticia.com.br\/noticia\/wp-json\/wp\/v2\/categories?post=152778"},{"taxonomy":"post_tag","embeddable":true,"href":"https:\/\/migracao.redenoticia.com.br\/noticia\/wp-json\/wp\/v2\/tags?post=152778"}],"curies":[{"name":"wp","href":"https:\/\/api.w.org\/{rel}","templated":true}]}}