{"id":1530,"date":"2009-05-11T14:38:59","date_gmt":"2009-05-11T18:38:59","guid":{"rendered":"http:\/\/www.redenoticia.com.br\/noticia\/?p=1530"},"modified":"2009-05-11T22:30:17","modified_gmt":"2009-05-12T02:30:17","slug":"cerimonial-do-miss-brasil-comete-gafe-com-rondonia","status":"publish","type":"post","link":"https:\/\/migracao.redenoticia.com.br\/noticia\/2009\/cerimonial-do-miss-brasil-comete-gafe-com-rondonia\/1530","title":{"rendered":"Cerimonial do Miss Brasil comete gafe com Rond\u00f4nia"},"content":{"rendered":"<p><span style=\"font-family: Arial;\">Durante a apresenta\u00e7\u00e3o da candidata de Rond\u00f4nia no concurso Miss Brasil, transmitido no \u00faltimo s\u00e1bado pela Band, a apresentadora do evento informou que os principais produtos do Estado s\u00e3o o CACAU e o MILHO.<\/span><\/p>\n<h1><span style=\"font-size: 12pt; font-weight: normal;\">A promotora oficial Miss Brasil em Rond\u00f4nia ainda n\u00e3o foi encontrada para explicar de onde surgiu este dado e como a informa\u00e7\u00e3o foi passada em n\u00edvel nacional, sem a devida corre\u00e7\u00e3o.<\/span><\/h1>\n<p class=\"MsoNormal\"><span style=\"font-family: Arial;\">Al\u00e9m deste fato, lament\u00e1vel tamb\u00e9m a nossa Miss n\u00e3o apresentar um traje t\u00edpico referente \u00e0 identidade cultural do Estado de Rond\u00f4nia, o que certamente comprometeu sua apresenta\u00e7\u00e3o. <\/span><\/p>\n<p class=\"MsoNormal\"><span style=\"font-family: Arial;\">Como resultado, a Miss Rond\u00f4nia n\u00e3o se classificou dentro das 15 finalistas, frustrando toda a torcida do Estado j\u00e1 na primeira etapa do concurso.<\/span><\/p>\n","protected":false},"excerpt":{"rendered":"<p>Durante a apresenta\u00e7\u00e3o da candidata de Rond\u00f4nia no concurso Miss Brasil, transmitido no \u00faltimo s\u00e1bado pela Band, a apresentadora do evento informou que os principais produtos do Estado s\u00e3o o CACAU e o MILHO. A promotora oficial Miss Brasil em Rond\u00f4nia ainda n\u00e3o foi encontrada para explicar de onde surgiu este dado e como a [&hellip;]<\/p>\n","protected":false},"author":3,"featured_media":0,"comment_status":"open","ping_status":"open","sticky":false,"template":"","format":"standard","meta":{"tdm_status":"","tdm_grid_status":"","footnotes":""},"categories":[22],"tags":[],"class_list":{"0":"post-1530","1":"post","2":"type-post","3":"status-publish","4":"format-standard","6":"category-brasil"},"_links":{"self":[{"href":"https:\/\/migracao.redenoticia.com.br\/noticia\/wp-json\/wp\/v2\/posts\/1530","targetHints":{"allow":["GET"]}}],"collection":[{"href":"https:\/\/migracao.redenoticia.com.br\/noticia\/wp-json\/wp\/v2\/posts"}],"about":[{"href":"https:\/\/migracao.redenoticia.com.br\/noticia\/wp-json\/wp\/v2\/types\/post"}],"author":[{"embeddable":true,"href":"https:\/\/migracao.redenoticia.com.br\/noticia\/wp-json\/wp\/v2\/users\/3"}],"replies":[{"embeddable":true,"href":"https:\/\/migracao.redenoticia.com.br\/noticia\/wp-json\/wp\/v2\/comments?post=1530"}],"version-history":[{"count":0,"href":"https:\/\/migracao.redenoticia.com.br\/noticia\/wp-json\/wp\/v2\/posts\/1530\/revisions"}],"wp:attachment":[{"href":"https:\/\/migracao.redenoticia.com.br\/noticia\/wp-json\/wp\/v2\/media?parent=1530"}],"wp:term":[{"taxonomy":"category","embeddable":true,"href":"https:\/\/migracao.redenoticia.com.br\/noticia\/wp-json\/wp\/v2\/categories?post=1530"},{"taxonomy":"post_tag","embeddable":true,"href":"https:\/\/migracao.redenoticia.com.br\/noticia\/wp-json\/wp\/v2\/tags?post=1530"}],"curies":[{"name":"wp","href":"https:\/\/api.w.org\/{rel}","templated":true}]}}