{"id":153126,"date":"2019-09-11T23:57:18","date_gmt":"2019-09-12T02:57:18","guid":{"rendered":"https:\/\/www.redenoticia.com.br\/noticia\/?p=153126"},"modified":"2019-09-12T16:02:17","modified_gmt":"2019-09-12T19:02:17","slug":"dancing-brasil-2019-enquete-quem-merece-o-premio-de-r-500-mil","status":"publish","type":"post","link":"https:\/\/migracao.redenoticia.com.br\/noticia\/2019\/dancing-brasil-2019-enquete-quem-merece-o-premio-de-r-500-mil\/153126","title":{"rendered":"&#8220;Dancing Brasil&#8221; 2019 enquete: quem merece o pr\u00eamio de R$ 500 mil?"},"content":{"rendered":"<p><strong><em>&#8220;Dancing Brasil&#8221; 2019 enquete<\/em><\/strong>: A quinta temporada do &#8220;Dancing Brasil&#8221;, apresentado por Xuxa Meneghel nas noites de quarta-feira, contou com 13 concorrentes na disputa pelo pr\u00eamio de R$ 500 mil. Nesta edi\u00e7\u00e3o o p\u00fablico deu notas ap\u00f3s cada performance. Em 11\/09, Vinicius D\u00b4black venceu a disputa.<\/p>\n<p><img loading=\"lazy\" decoding=\"async\" class=\"aligncenter size-large wp-image-178536\" src=\"https:\/\/migracao.redenoticia.com.br\/noticia\/imagens\/dancing-brasil-xuxa-enquete-resultado-record-300x300.jpg\" alt=\"\" width=\"300\" height=\"300\" srcset=\"https:\/\/migracao.redenoticia.com.br\/noticia\/imagens\/dancing-brasil-xuxa-enquete-resultado-record-300x300.jpg 300w, https:\/\/migracao.redenoticia.com.br\/noticia\/imagens\/dancing-brasil-xuxa-enquete-resultado-record-187x187.jpg 187w, https:\/\/migracao.redenoticia.com.br\/noticia\/imagens\/dancing-brasil-xuxa-enquete-resultado-record.jpg 559w\" sizes=\"auto, (max-width: 300px) 100vw, 300px\" \/><\/p>\n<p>Concorrentes &#8220;Dancing Brasil&#8221; 5: A atriz e jornalista Alinne Prado, a atleta Bia Feres, a ex-paquita Catia Paganote, a ginasta Dany Hypolito, a cantora Maria Cec\u00edlia, a atriz e psic\u00f3loga Maria Paula, o cantor MC Koringa, a atriz e jornalista Natalia Guimar\u00e3es, o ator Ricardo Vianna, o empres\u00e1rio e ator Thierry Figueira, o humorista Victor Sarro, o cantor Vinicius D\u00b4black e o violinista e cantor Z\u00e9ca Lima.<\/p>\n<p>Eliminados: Em 10\/07, Maria Cec\u00edlia. Em 17\/07, Z\u00e9ca Lima. Em 24\/07, Thierry Figueira. Em 30\/07, Maria Paula. Em 07\/08, Natalia Guimar\u00e3es. Em 14\/08, MC Koringa e Alinne Prado. Em 21\/08, Catia Paganote foi eliminada. Em 28\/08, Ricardo Vianna foi eliminado. Em 04\/09, Victor Sarro.<\/p>\n<p><script type=\"text\/javascript\" charset=\"utf-8\" data-cfasync=\"false\" src=\"https:\/\/secure.polldaddy.com\/p\/10356092.js\"><\/script><br \/>\n<noscript><a href=\"https:\/\/poll.fm\/10356092\">&#8220;Dancing Brasil&#8221; 2019: quem merece o pr\u00eamio de R$ 500 mil?<\/a><\/noscript><\/p>\n<p>Se voc\u00ea n\u00e3o est\u00e1 vendo a enquete, clique no link: <a href=\"https:\/\/migracao.redenoticia.com.br\/noticia\/2018\/dancing-brasil-2018-enquete-quem-merece-o-premio-de-r-500-mil\/153126\">&#8220;Dancing Brasil&#8221; 2019: quem merece o pr\u00eamio de R$ 500 mil?<\/a><\/p>\n<p>Time de jurados do Dancing Brasil<\/p>\n<p>Fernanda Chamma<br \/>\nCore\u00f3grafa e diretora art\u00edstica, 52 anos<br \/>\nNasceu em S\u00e3o Paulo, onde tamb\u00e9m mora<\/p>\n<p>Jaime Ar\u00f4xa<br \/>\nBailarino, dan\u00e7arino, core\u00f3grafo, professor e empres\u00e1rio, 55 anos<br \/>\nNasceu em Recife (PE), mas mora no Rio de Janeiro<\/p>\n<p>Paulo Goulart Filho<br \/>\nAtor, diretor, core\u00f3grafo e ex-bailarino, 52 anos<br \/>\nNasceu em Curitiba, mas mora no Rio de Janeiro e em S\u00e3o Paulo<\/p>\n<p>Estrelas do programa<\/p>\n<p>Alinne Prado<br \/>\nIdade: 37 anos<br \/>\nProfiss\u00e3o: Jornalista e atriz<br \/>\nNasceu e mora no Rio de Janeiro (RJ)<\/p>\n<p>Bia Feres<br \/>\nIdade: 31 anos<br \/>\nProfiss\u00e3o: Atleta e apresentadora<br \/>\nNasceu no Rio de Janeiro e mora em S\u00e3o Paulo (SP)<\/p>\n<p>Catia Paganote<br \/>\nIdade: 43 anos<br \/>\nProfiss\u00e3o: Ex-paquita, artista<br \/>\nNasceu e mora no Rio de Janeiro (RJ)<\/p>\n<p>Daniele Hypolito<br \/>\nIdade: 34 anos<br \/>\nProfiss\u00e3o: Atleta<br \/>\nNasceu em Santo Andr\u00e9 e mora em S\u00e3o Bernardo do Campo (SP)<\/p>\n<p>Maria Cec\u00edlia<br \/>\nIdade: 33 anos<br \/>\nProfiss\u00e3o: Cantora e empres\u00e1ria<br \/>\nNasceu em Campo Grande (MS) e mora em Atibaia (SP)<\/p>\n<p>Maria Paula<br \/>\nIdade: 48 anos<br \/>\nProfiss\u00e3o: Atriz e psic\u00f3loga<br \/>\nNasceu em Bras\u00edlia e mora em S\u00e3o Paulo (SP)<\/p>\n<p>MC Koringa<br \/>\nIdade: 39 anos<br \/>\nProfiss\u00e3o: Cantor e produtor musical<br \/>\nNasceu em Petr\u00f3polis (RJ) e mora no Rio de Janeiro (RJ)<\/p>\n<p>Natalia Guimar\u00e3es<br \/>\nIdade: 34 anos<br \/>\nProfiss\u00e3o: Atriz e jornalista<br \/>\nNasceu em Juiz de Fora (MG) e mora em S\u00e3o Paulo (SP)<\/p>\n<p>Ricardo Vianna<br \/>\nIdade: 26 anos<br \/>\nProfiss\u00e3o: Ator<br \/>\nNasceu e mora no Rio de Janeiro (RJ)<\/p>\n<p>Thierry Figueira<br \/>\nIdade: 41 anos<br \/>\nProfiss\u00e3o: Ator e empres\u00e1rio<br \/>\nNasceu e mora no Rio de Janeiro (RJ)<\/p>\n<p>Victor Sarro<br \/>\nIdade: 30 anos<br \/>\nProfiss\u00e3o: Humorista<br \/>\nNasceu em S\u00e3o Bernardo do Campo (SP) e mora em S\u00e3o Paulo (SP)<\/p>\n<p>Vinicius D\u2019black<br \/>\nIdade: 34 anos<br \/>\nProfiss\u00e3o: Cantor e compositor<br \/>\nNasceu e mora no Rio de Janeiro (RJ)<\/p>\n<p>Z\u00e9ca Lima<br \/>\nIdade: 67 anos<br \/>\nProfiss\u00e3o: Violinista, cantor e professor<br \/>\nNasceu em Santo \u00c2ngelo (RS) e mora em Vinhedo (SP)<\/p>\n","protected":false},"excerpt":{"rendered":"<p>&#8220;Dancing Brasil&#8221; 2019 enquete: A quinta temporada do &#8220;Dancing Brasil&#8221;, apresentado por Xuxa Meneghel nas noites de quarta-feira, contou com 13 concorrentes na disputa pelo pr\u00eamio de R$ 500 mil. Nesta edi\u00e7\u00e3o o p\u00fablico deu notas ap\u00f3s cada performance. Em 11\/09, Vinicius D\u00b4black venceu a disputa. Concorrentes &#8220;Dancing Brasil&#8221; 5: A atriz e jornalista Alinne [&hellip;]<\/p>\n","protected":false},"author":2,"featured_media":178539,"comment_status":"open","ping_status":"closed","sticky":false,"template":"","format":"standard","meta":{"tdm_status":"","tdm_grid_status":"","footnotes":""},"categories":[371,343],"tags":[521,440,523],"class_list":{"0":"post-153126","1":"post","2":"type-post","3":"status-publish","4":"format-standard","5":"has-post-thumbnail","7":"category-rede-record","8":"category-televisao","9":"tag-enquete","10":"tag-noticia-novela","11":"tag-variedades"},"_links":{"self":[{"href":"https:\/\/migracao.redenoticia.com.br\/noticia\/wp-json\/wp\/v2\/posts\/153126","targetHints":{"allow":["GET"]}}],"collection":[{"href":"https:\/\/migracao.redenoticia.com.br\/noticia\/wp-json\/wp\/v2\/posts"}],"about":[{"href":"https:\/\/migracao.redenoticia.com.br\/noticia\/wp-json\/wp\/v2\/types\/post"}],"author":[{"embeddable":true,"href":"https:\/\/migracao.redenoticia.com.br\/noticia\/wp-json\/wp\/v2\/users\/2"}],"replies":[{"embeddable":true,"href":"https:\/\/migracao.redenoticia.com.br\/noticia\/wp-json\/wp\/v2\/comments?post=153126"}],"version-history":[{"count":0,"href":"https:\/\/migracao.redenoticia.com.br\/noticia\/wp-json\/wp\/v2\/posts\/153126\/revisions"}],"wp:featuredmedia":[{"embeddable":true,"href":"https:\/\/migracao.redenoticia.com.br\/noticia\/wp-json\/wp\/v2\/media\/178539"}],"wp:attachment":[{"href":"https:\/\/migracao.redenoticia.com.br\/noticia\/wp-json\/wp\/v2\/media?parent=153126"}],"wp:term":[{"taxonomy":"category","embeddable":true,"href":"https:\/\/migracao.redenoticia.com.br\/noticia\/wp-json\/wp\/v2\/categories?post=153126"},{"taxonomy":"post_tag","embeddable":true,"href":"https:\/\/migracao.redenoticia.com.br\/noticia\/wp-json\/wp\/v2\/tags?post=153126"}],"curies":[{"name":"wp","href":"https:\/\/api.w.org\/{rel}","templated":true}]}}