{"id":1532,"date":"2009-05-11T14:41:09","date_gmt":"2009-05-11T18:41:09","guid":{"rendered":"http:\/\/www.redenoticia.com.br\/noticia\/?p=1532"},"modified":"2009-05-11T14:41:09","modified_gmt":"2009-05-11T18:41:09","slug":"resultado-da-1%c2%aa-fecomind","status":"publish","type":"post","link":"https:\/\/migracao.redenoticia.com.br\/noticia\/2009\/resultado-da-1%c2%aa-fecomind\/1532","title":{"rendered":"Resultado da 1\u00aa FECOMIND"},"content":{"rendered":"<p class=\"MsoNormal\"><span style=\"font-family: Arial;\">O p\u00fablico que compareceu na feira de neg\u00f3cios 1\u00aa FECOMIND de Ji-Paran\u00e1 surpreendeu tanto os organizadores quanto aos expositores.<\/span><\/p>\n<p class=\"MsoNormal\"><span style=\"font-family: Arial;\">Desde o dia da abertura (7) os expositores receberam visita\u00e7\u00e3o expressiva, realizaram neg\u00f3cios e divulgaram produtos e marcas.<\/span><\/p>\n<p class=\"MsoNormal\"><span style=\"font-family: Arial;\">Segundo a assessoria de imprensa da Associa\u00e7\u00e3o Comercial e Industrial de Ji-Paran\u00e1 (ACIJIP), organizadora do evento, esta semana ser\u00e1 efetuado um balan\u00e7o para servir como base e diretriz da pr\u00f3xima feira que, ap\u00f3s o resultado positivo e a satisfa\u00e7\u00e3o dos expositores e comunidade, deve se tornar tradi\u00e7\u00e3o na cidade.<\/span><\/p>\n","protected":false},"excerpt":{"rendered":"<p>O p\u00fablico que compareceu na feira de neg\u00f3cios 1\u00aa FECOMIND de Ji-Paran\u00e1 surpreendeu tanto os organizadores quanto aos expositores. Desde o dia da abertura (7) os expositores receberam visita\u00e7\u00e3o expressiva, realizaram neg\u00f3cios e divulgaram produtos e marcas. Segundo a assessoria de imprensa da Associa\u00e7\u00e3o Comercial e Industrial de Ji-Paran\u00e1 (ACIJIP), organizadora do evento, esta semana [&hellip;]<\/p>\n","protected":false},"author":3,"featured_media":0,"comment_status":"open","ping_status":"open","sticky":false,"template":"","format":"standard","meta":{"tdm_status":"","tdm_grid_status":"","footnotes":""},"categories":[22],"tags":[],"class_list":{"0":"post-1532","1":"post","2":"type-post","3":"status-publish","4":"format-standard","6":"category-brasil"},"_links":{"self":[{"href":"https:\/\/migracao.redenoticia.com.br\/noticia\/wp-json\/wp\/v2\/posts\/1532","targetHints":{"allow":["GET"]}}],"collection":[{"href":"https:\/\/migracao.redenoticia.com.br\/noticia\/wp-json\/wp\/v2\/posts"}],"about":[{"href":"https:\/\/migracao.redenoticia.com.br\/noticia\/wp-json\/wp\/v2\/types\/post"}],"author":[{"embeddable":true,"href":"https:\/\/migracao.redenoticia.com.br\/noticia\/wp-json\/wp\/v2\/users\/3"}],"replies":[{"embeddable":true,"href":"https:\/\/migracao.redenoticia.com.br\/noticia\/wp-json\/wp\/v2\/comments?post=1532"}],"version-history":[{"count":0,"href":"https:\/\/migracao.redenoticia.com.br\/noticia\/wp-json\/wp\/v2\/posts\/1532\/revisions"}],"wp:attachment":[{"href":"https:\/\/migracao.redenoticia.com.br\/noticia\/wp-json\/wp\/v2\/media?parent=1532"}],"wp:term":[{"taxonomy":"category","embeddable":true,"href":"https:\/\/migracao.redenoticia.com.br\/noticia\/wp-json\/wp\/v2\/categories?post=1532"},{"taxonomy":"post_tag","embeddable":true,"href":"https:\/\/migracao.redenoticia.com.br\/noticia\/wp-json\/wp\/v2\/tags?post=1532"}],"curies":[{"name":"wp","href":"https:\/\/api.w.org\/{rel}","templated":true}]}}