{"id":15339,"date":"2009-10-26T19:50:33","date_gmt":"2009-10-26T23:50:33","guid":{"rendered":"http:\/\/www.redenoticia.com.br\/noticia\/?p=15339"},"modified":"2009-10-29T20:09:10","modified_gmt":"2009-10-30T00:09:10","slug":"previsao-do-tempo-na-regiao-sul-de-27-a-2910","status":"publish","type":"post","link":"https:\/\/migracao.redenoticia.com.br\/noticia\/2009\/previsao-do-tempo-na-regiao-sul-de-27-a-2910\/15339","title":{"rendered":"Previs\u00e3o do tempo na Regi\u00e3o Sul de 27 a 29\/10"},"content":{"rendered":"<p>Previs\u00e3o do tempo Sul<strong> <\/strong>27\/10\/2009: No leste e norte do RS: sol com varia\u00e7\u00e3o de nuvens. Nas demais \u00e1reas do RS: predom\u00ednio de sol. No oeste de SC e no sudoeste do PR: nublado com pancadas de chuva \u00e0 tarde. No litoral de SC e no leste do PR: inst\u00e1vel com chuva a qualquer hora do dia. Nas demais \u00e1reas da Regi\u00e3o: sol entre muitas nuvens. As temperaturas estar\u00e3o em eleva\u00e7\u00e3o. Temperatura m\u00e1xima: 28C na oeste do PR. Temperatura m\u00ednima: 05C no sul do RS.\u00a0<\/p>\n<p>28\/10\/2009: No leste do PR: encoberto com chuva isolada a qualquer hora. No leste de SC: inst\u00e1vel com varia\u00e7\u00e3o de nuvens e chuva a qualquer hora. No nordeste do RS e na faixa leste de SC: sol entre muitas nuvens. Nas demais \u00e1reas do RS: sol entre poucas nuvens. Nas demais \u00e1reas da Regi\u00e3o: sol com nebulosidade vari\u00e1vel e uma pequena possibilidade de pancadas de chuva. As temperaturas estar\u00e3o em eleva\u00e7\u00e3o no RS.<\/p>\n<p>Tend\u00eancia: No nordeste de SC e no leste do PR: nublado com chuva isolada a qualquer hora do dia. No nordeste do PR: sol com nebulosidade vari\u00e1vel e uma pequena possibilidade de pancadas de chuva. Nas demais \u00e1reas da Regi\u00e3o: sol entre poucas nuvens. As temperaturas estar\u00e3o est\u00e1veis.<\/p>\n<p>O Centro de Previs\u00e3o de Tempo e Estudos Clim\u00e1ticos \u2013 CPTEC, do Instituto Nacional de Pesquisas Espaciais \u2013 INPE \u00e9 o passaporte do Brasil para o primeiro mundo das previs\u00f5es meteorol\u00f3gicas. Os supercomputadores vetoriais SX-6 e SX-4 fabricados pela NEC Corporation do Jap\u00e3o, possuem capacidade de processar at\u00e9 768 bilh\u00f5es e 16 bilh\u00f5es de opera\u00e7\u00f5es aritm\u00e9ticas em ponto flutuante por segundo respectivamente. Recentemente adquirido da \u201cNEC Corporation do Jap\u00e3o\u201d um cluster com 1100 processadores fabricado pela \u201cSUN Microsystem\u201d com a capacidade de processar at\u00e9 5.7 trilh\u00f5es de opera\u00e7\u00f5es aritm\u00e9ticas em ponto flutuante por segundo. Isso significa possibilidade de utilizar modelos num\u00e9ricos para simula\u00e7\u00e3o de tempo e clima, integrando informa\u00e7\u00f5es atmosf\u00e9ricas e oce\u00e2nicas. O resultado disso s\u00e3o previs\u00f5es de tempo confi\u00e1veis, para todo o pa\u00eds.\u00a0<\/p>\n<p>CPTEC\/INPE<\/p>\n","protected":false},"excerpt":{"rendered":"<p>Previs\u00e3o do tempo Sul 27\/10\/2009: No leste e norte do RS: sol com varia\u00e7\u00e3o de nuvens. Nas demais \u00e1reas do RS: predom\u00ednio de sol. No oeste de SC e no sudoeste do PR: nublado com pancadas de chuva \u00e0 tarde. No litoral de SC e no leste do PR: inst\u00e1vel com chuva a qualquer hora [&hellip;]<\/p>\n","protected":false},"author":3,"featured_media":0,"comment_status":"open","ping_status":"open","sticky":false,"template":"","format":"standard","meta":{"tdm_status":"","tdm_grid_status":"","footnotes":""},"categories":[327],"tags":[],"class_list":{"0":"post-15339","1":"post","2":"type-post","3":"status-publish","4":"format-standard","6":"category-clima"},"_links":{"self":[{"href":"https:\/\/migracao.redenoticia.com.br\/noticia\/wp-json\/wp\/v2\/posts\/15339","targetHints":{"allow":["GET"]}}],"collection":[{"href":"https:\/\/migracao.redenoticia.com.br\/noticia\/wp-json\/wp\/v2\/posts"}],"about":[{"href":"https:\/\/migracao.redenoticia.com.br\/noticia\/wp-json\/wp\/v2\/types\/post"}],"author":[{"embeddable":true,"href":"https:\/\/migracao.redenoticia.com.br\/noticia\/wp-json\/wp\/v2\/users\/3"}],"replies":[{"embeddable":true,"href":"https:\/\/migracao.redenoticia.com.br\/noticia\/wp-json\/wp\/v2\/comments?post=15339"}],"version-history":[{"count":0,"href":"https:\/\/migracao.redenoticia.com.br\/noticia\/wp-json\/wp\/v2\/posts\/15339\/revisions"}],"wp:attachment":[{"href":"https:\/\/migracao.redenoticia.com.br\/noticia\/wp-json\/wp\/v2\/media?parent=15339"}],"wp:term":[{"taxonomy":"category","embeddable":true,"href":"https:\/\/migracao.redenoticia.com.br\/noticia\/wp-json\/wp\/v2\/categories?post=15339"},{"taxonomy":"post_tag","embeddable":true,"href":"https:\/\/migracao.redenoticia.com.br\/noticia\/wp-json\/wp\/v2\/tags?post=15339"}],"curies":[{"name":"wp","href":"https:\/\/api.w.org\/{rel}","templated":true}]}}