{"id":15341,"date":"2009-10-26T19:52:15","date_gmt":"2009-10-26T23:52:15","guid":{"rendered":"http:\/\/www.redenoticia.com.br\/noticia\/?p=15341"},"modified":"2009-10-29T20:08:33","modified_gmt":"2009-10-30T00:08:33","slug":"previsao-do-tempo-na-regiao-sudeste-de-27-a-2910","status":"publish","type":"post","link":"https:\/\/migracao.redenoticia.com.br\/noticia\/2009\/previsao-do-tempo-na-regiao-sudeste-de-27-a-2910\/15341","title":{"rendered":"Previs\u00e3o do tempo na Regi\u00e3o Sudeste de 27 a 29\/10"},"content":{"rendered":"<p><strong>Previs\u00e3o do tempo Sudeste <\/strong>27\/10\/2009: No centro-oeste de SP, centro-oeste e norte de MG: nublado com pancadas de chuva localmente forte a qualquer hora. Nas demais \u00e1reas da Regi\u00e3o: nublado com chuva a qualquer hora do dia. As temperaturas estar\u00e3o em pequeno decl\u00ednio no norte do RJ e no sul do ES. Temperatura m\u00e1xima: 32C no noroeste de MG. Temperatura m\u00ednima: 14C no sul de MG e serra da Mantiqueira.<\/p>\n<p>Previs\u00e3o do tempo\u00a028\/10\/2009: No sudeste de MG, no ES, no RJ e no leste de SP: nublado com chuva a qualquer hora do dia. No centro-sudoeste de SP: sol com nebulosidade vari\u00e1vel e uma pequena possibilidade de pancadas de chuva. Nas demais \u00e1reas da Regi\u00e3o: nublado com pancadas de chuva a qualquer hora do dia. As temperaturas estar\u00e3o amenas no leste da Regi\u00e3o.<\/p>\n<p>Tend\u00eancia Previs\u00e3o do tempo: No leste da Regi\u00e3o: nublado com chuva a qualquer hora do dia. Nas demais \u00e1reas de SP: sol com nebulosidade vari\u00e1vel e uma pequena possibilidade de pancadas de chuva. Nas demais \u00e1reas de MG: nublado com pancadas de chuva. As temperaturas estar\u00e3o est\u00e1veis.<\/p>\n<p>O Centro de Previs\u00e3o de Tempo e Estudos Clim\u00e1ticos \u2013 CPTEC, do Instituto Nacional de Pesquisas Espaciais \u2013 INPE \u00e9 o passaporte do Brasil para o primeiro mundo das previs\u00f5es meteorol\u00f3gicas. Os supercomputadores vetoriais SX-6 e SX-4 fabricados pela NEC Corporation do Jap\u00e3o, possuem capacidade de processar at\u00e9 768 bilh\u00f5es e 16 bilh\u00f5es de opera\u00e7\u00f5es aritm\u00e9ticas em ponto flutuante por segundo respectivamente. Recentemente adquirido da \u201cNEC Corporation do Jap\u00e3o\u201d um cluster com 1100 processadores fabricado pela \u201cSUN Microsystem\u201d com a capacidade de processar at\u00e9 5.7 trilh\u00f5es de opera\u00e7\u00f5es aritm\u00e9ticas em ponto flutuante por segundo. Isso significa possibilidade de utilizar modelos num\u00e9ricos para simula\u00e7\u00e3o de tempo e clima, integrando informa\u00e7\u00f5es atmosf\u00e9ricas e oce\u00e2nicas. O resultado disso s\u00e3o previs\u00f5es de tempo confi\u00e1veis, para todo o pa\u00eds.\u00a0<\/p>\n<p>Previs\u00e3o do tempo CPTEC\/INPE<\/p>\n","protected":false},"excerpt":{"rendered":"<p>Previs\u00e3o do tempo Sudeste 27\/10\/2009: No centro-oeste de SP, centro-oeste e norte de MG: nublado com pancadas de chuva localmente forte a qualquer hora. Nas demais \u00e1reas da Regi\u00e3o: nublado com chuva a qualquer hora do dia. As temperaturas estar\u00e3o em pequeno decl\u00ednio no norte do RJ e no sul do ES. Temperatura m\u00e1xima: 32C [&hellip;]<\/p>\n","protected":false},"author":3,"featured_media":0,"comment_status":"open","ping_status":"open","sticky":false,"template":"","format":"standard","meta":{"tdm_status":"","tdm_grid_status":"","footnotes":""},"categories":[327],"tags":[],"class_list":{"0":"post-15341","1":"post","2":"type-post","3":"status-publish","4":"format-standard","6":"category-clima"},"_links":{"self":[{"href":"https:\/\/migracao.redenoticia.com.br\/noticia\/wp-json\/wp\/v2\/posts\/15341","targetHints":{"allow":["GET"]}}],"collection":[{"href":"https:\/\/migracao.redenoticia.com.br\/noticia\/wp-json\/wp\/v2\/posts"}],"about":[{"href":"https:\/\/migracao.redenoticia.com.br\/noticia\/wp-json\/wp\/v2\/types\/post"}],"author":[{"embeddable":true,"href":"https:\/\/migracao.redenoticia.com.br\/noticia\/wp-json\/wp\/v2\/users\/3"}],"replies":[{"embeddable":true,"href":"https:\/\/migracao.redenoticia.com.br\/noticia\/wp-json\/wp\/v2\/comments?post=15341"}],"version-history":[{"count":0,"href":"https:\/\/migracao.redenoticia.com.br\/noticia\/wp-json\/wp\/v2\/posts\/15341\/revisions"}],"wp:attachment":[{"href":"https:\/\/migracao.redenoticia.com.br\/noticia\/wp-json\/wp\/v2\/media?parent=15341"}],"wp:term":[{"taxonomy":"category","embeddable":true,"href":"https:\/\/migracao.redenoticia.com.br\/noticia\/wp-json\/wp\/v2\/categories?post=15341"},{"taxonomy":"post_tag","embeddable":true,"href":"https:\/\/migracao.redenoticia.com.br\/noticia\/wp-json\/wp\/v2\/tags?post=15341"}],"curies":[{"name":"wp","href":"https:\/\/api.w.org\/{rel}","templated":true}]}}