{"id":1535,"date":"2009-05-11T14:45:18","date_gmt":"2009-05-11T18:45:18","guid":{"rendered":"http:\/\/www.redenoticia.com.br\/noticia\/?p=1535"},"modified":"2009-05-11T16:53:53","modified_gmt":"2009-05-11T20:53:53","slug":"projeto-da-praca-teve-avanco","status":"publish","type":"post","link":"https:\/\/migracao.redenoticia.com.br\/noticia\/2009\/projeto-da-praca-teve-avanco\/1535","title":{"rendered":"Projeto da pra\u00e7a teve avan\u00e7o"},"content":{"rendered":"<p><span style=\"font-size: 12pt; font-weight: normal;\">Nesta ter\u00e7a (12) a C\u00e2mara de Ji-Paran\u00e1 tem tr\u00eas pautas importantes para vota\u00e7\u00e3o. <\/span><\/p>\n<h1><span style=\"font-size: 12pt; font-weight: normal;\">Os vereadores devem tratar da libera\u00e7\u00e3o do terreno para o Detran, a regulariza\u00e7\u00e3o do terreno da Escola Estadual Marechal Rondon, mas o foco principal deve ser o projeto da Pra\u00e7a da B\u00edblia, a qual poder\u00e1 ser liberada para apresenta\u00e7\u00f5es culturais.<\/span><\/h1>\n<p class=\"MsoNormal\"><span style=\"font-family: Arial;\">Ap\u00f3s a pol\u00eamica inicial, hoje alguns vereadores concordam que a pra\u00e7a \u00e9 p\u00fablica e n\u00e3o pode ser proibida para apresenta\u00e7\u00e3o de coral, bal\u00e9, teatro, orquestras e apresenta\u00e7\u00f5es esportivas. <\/span><\/p>\n<p class=\"MsoNormal\"><span style=\"font-family: Arial;\">Ainda h\u00e1 o receio com rela\u00e7\u00e3o \u00e0 realiza\u00e7\u00e3o de eventos maiores como carnaval e bandas, por\u00e9m, v\u00e1rios concordam que o espa\u00e7o \u00e9 reduzido e a lei do sil\u00eancio j\u00e1 existe justamente para inibir realiza\u00e7\u00f5es deste g\u00eanero no local.<\/span><\/p>\n","protected":false},"excerpt":{"rendered":"<p>Nesta ter\u00e7a (12) a C\u00e2mara de Ji-Paran\u00e1 tem tr\u00eas pautas importantes para vota\u00e7\u00e3o. Os vereadores devem tratar da libera\u00e7\u00e3o do terreno para o Detran, a regulariza\u00e7\u00e3o do terreno da Escola Estadual Marechal Rondon, mas o foco principal deve ser o projeto da Pra\u00e7a da B\u00edblia, a qual poder\u00e1 ser liberada para apresenta\u00e7\u00f5es culturais. Ap\u00f3s a [&hellip;]<\/p>\n","protected":false},"author":3,"featured_media":0,"comment_status":"open","ping_status":"open","sticky":false,"template":"","format":"standard","meta":{"tdm_status":"","tdm_grid_status":"","footnotes":""},"categories":[22],"tags":[],"class_list":{"0":"post-1535","1":"post","2":"type-post","3":"status-publish","4":"format-standard","6":"category-brasil"},"_links":{"self":[{"href":"https:\/\/migracao.redenoticia.com.br\/noticia\/wp-json\/wp\/v2\/posts\/1535","targetHints":{"allow":["GET"]}}],"collection":[{"href":"https:\/\/migracao.redenoticia.com.br\/noticia\/wp-json\/wp\/v2\/posts"}],"about":[{"href":"https:\/\/migracao.redenoticia.com.br\/noticia\/wp-json\/wp\/v2\/types\/post"}],"author":[{"embeddable":true,"href":"https:\/\/migracao.redenoticia.com.br\/noticia\/wp-json\/wp\/v2\/users\/3"}],"replies":[{"embeddable":true,"href":"https:\/\/migracao.redenoticia.com.br\/noticia\/wp-json\/wp\/v2\/comments?post=1535"}],"version-history":[{"count":0,"href":"https:\/\/migracao.redenoticia.com.br\/noticia\/wp-json\/wp\/v2\/posts\/1535\/revisions"}],"wp:attachment":[{"href":"https:\/\/migracao.redenoticia.com.br\/noticia\/wp-json\/wp\/v2\/media?parent=1535"}],"wp:term":[{"taxonomy":"category","embeddable":true,"href":"https:\/\/migracao.redenoticia.com.br\/noticia\/wp-json\/wp\/v2\/categories?post=1535"},{"taxonomy":"post_tag","embeddable":true,"href":"https:\/\/migracao.redenoticia.com.br\/noticia\/wp-json\/wp\/v2\/tags?post=1535"}],"curies":[{"name":"wp","href":"https:\/\/api.w.org\/{rel}","templated":true}]}}