{"id":15360,"date":"2009-10-27T23:25:10","date_gmt":"2009-10-28T03:25:10","guid":{"rendered":"http:\/\/www.redenoticia.com.br\/noticia\/?p=15360"},"modified":"2009-10-27T23:25:10","modified_gmt":"2009-10-28T03:25:10","slug":"temporada-de-moda-capricho-literalmente-um-visual-dos-pes-a-cabeca","status":"publish","type":"post","link":"https:\/\/migracao.redenoticia.com.br\/noticia\/2009\/temporada-de-moda-capricho-literalmente-um-visual-dos-pes-a-cabeca\/15360","title":{"rendered":"Temporada de moda capricho: literalmente, um visual dos p\u00e9s \u00e0 cabe\u00e7a"},"content":{"rendered":"<p>Para montar os visuais dos desafios propostos pelo docu-reality <strong>TEMPORADA DE MODA CAPRICHO<\/strong>, os participantes geralmente come\u00e7am pensando nas roupas, para depois partir para os acess\u00f3rios adequados. Mas esta semana, vai ser tudo ao contr\u00e1rio: eles escolhem primeiro cinco pares de sapatos e v\u00e3o ter que montar produ\u00e7\u00f5es que se encaixem com esses itens. Quem ser\u00e1 que vai dar mais um passo em dire\u00e7\u00e3o ao est\u00e1gio na revista Capricho &#8211; e quem ser\u00e1 que dar\u00e1 um passo em falso rumo \u00e0 elimina\u00e7\u00e3o?<\/p>\n<p>O nono epis\u00f3dio do programa TEMPORADA DE MODA CAPRICHO, &#8220;I Love My Shoes&#8221;, vai ao ar na quarta-feira, dia 4 de novembro, \u00e0s 21h. Para quem perdeu as emo\u00e7\u00f5es dos cap\u00edtulos anteriores, o Boomerang exibe novamente o epis\u00f3dio 7 \u00e0s 19h e o epis\u00f3dio 8 \u00e0s 20h. &#8220;I Love My Shoes&#8221; ser\u00e1 reapresentado ainda no s\u00e1bado, dia 7, tamb\u00e9m \u00e0s 21h.<\/p>\n<p>Boomerang, canal por assinatura da Turner Broadcasting System, Inc. (TBS, Inc.), traz 24 horas de programa\u00e7\u00e3o dedicada a pr\u00e9-adolescentes e adolescentes com as melhores s\u00e9ries, novelas, filmes, videoclipes e desenhos animados. Atualmente, entre as s\u00e9ries do canal se destacam Garotas Apaixonadas; Galera do Surf; H2O, Meninas-Sereias e o mega-sucesso entre adolescentes, a novela Rebelde. Al\u00e9m das s\u00e9ries, o canal exibe ainda grandes sucessos do cinema como O Homem Perfeito, Curtindo a Libertade e Tudo que uma Garota Quer. O segmento BoomBox traz para o p\u00fablico os melhores videoclipes de artistas que est\u00e3o no topo das paradas como Fergie, Madonna e Coldplay; e BoomBox no Est\u00fadio mostra bandas como RBD, NXZero e Fresno em performances ao vivo gravadas especialmente para o canal. O Boomerang est\u00e1 dispon\u00edvel em 21,2 milh\u00f5es de domic\u00edlios em toda a Am\u00e9rica Latina, com transmiss\u00e3o em portugu\u00eas, espanhol e ingl\u00eas.<\/p>\n","protected":false},"excerpt":{"rendered":"<p>Para montar os visuais dos desafios propostos pelo docu-reality TEMPORADA DE MODA CAPRICHO, os participantes geralmente come\u00e7am pensando nas roupas, para depois partir para os acess\u00f3rios adequados. Mas esta semana, vai ser tudo ao contr\u00e1rio: eles escolhem primeiro cinco pares de sapatos e v\u00e3o ter que montar produ\u00e7\u00f5es que se encaixem com esses itens. Quem [&hellip;]<\/p>\n","protected":false},"author":3,"featured_media":0,"comment_status":"open","ping_status":"open","sticky":false,"template":"","format":"standard","meta":{"tdm_status":"","tdm_grid_status":"","footnotes":""},"categories":[343],"tags":[],"class_list":{"0":"post-15360","1":"post","2":"type-post","3":"status-publish","4":"format-standard","6":"category-televisao"},"_links":{"self":[{"href":"https:\/\/migracao.redenoticia.com.br\/noticia\/wp-json\/wp\/v2\/posts\/15360","targetHints":{"allow":["GET"]}}],"collection":[{"href":"https:\/\/migracao.redenoticia.com.br\/noticia\/wp-json\/wp\/v2\/posts"}],"about":[{"href":"https:\/\/migracao.redenoticia.com.br\/noticia\/wp-json\/wp\/v2\/types\/post"}],"author":[{"embeddable":true,"href":"https:\/\/migracao.redenoticia.com.br\/noticia\/wp-json\/wp\/v2\/users\/3"}],"replies":[{"embeddable":true,"href":"https:\/\/migracao.redenoticia.com.br\/noticia\/wp-json\/wp\/v2\/comments?post=15360"}],"version-history":[{"count":0,"href":"https:\/\/migracao.redenoticia.com.br\/noticia\/wp-json\/wp\/v2\/posts\/15360\/revisions"}],"wp:attachment":[{"href":"https:\/\/migracao.redenoticia.com.br\/noticia\/wp-json\/wp\/v2\/media?parent=15360"}],"wp:term":[{"taxonomy":"category","embeddable":true,"href":"https:\/\/migracao.redenoticia.com.br\/noticia\/wp-json\/wp\/v2\/categories?post=15360"},{"taxonomy":"post_tag","embeddable":true,"href":"https:\/\/migracao.redenoticia.com.br\/noticia\/wp-json\/wp\/v2\/tags?post=15360"}],"curies":[{"name":"wp","href":"https:\/\/api.w.org\/{rel}","templated":true}]}}