{"id":15362,"date":"2009-10-27T23:22:49","date_gmt":"2009-10-28T03:22:49","guid":{"rendered":"http:\/\/www.redenoticia.com.br\/noticia\/?p=15362"},"modified":"2009-10-27T23:22:49","modified_gmt":"2009-10-28T03:22:49","slug":"tnt-lanca-concurso-que-incentiva-os-fas-a-entrarem-no-clima-do-scream-awards-2009","status":"publish","type":"post","link":"https:\/\/migracao.redenoticia.com.br\/noticia\/2009\/tnt-lanca-concurso-que-incentiva-os-fas-a-entrarem-no-clima-do-scream-awards-2009\/15362","title":{"rendered":"TNT lan\u00e7a concurso que incentiva os f\u00e3s a entrarem no clima do SCREAM AWARDS 2009"},"content":{"rendered":"<p>No pr\u00f3ximo s\u00e1bado, 31 de outubro, \u00e9 <strong>Dia das Bruxas<\/strong> &#8211; e tamb\u00e9m a data em que a <strong>TNT<\/strong> exibe a cerim\u00f4nia de entrega dos <strong>SCREAM AWARDS 2009<\/strong>. Para incentivar os f\u00e3s a entrarem no clima da premia\u00e7\u00e3o, o canal lan\u00e7ou um concurso cultural, desenvolvido pela ag\u00eancia iChimps, no qual os participantes v\u00e3o ter que usar toda a sua criatividade. Basta acessar o site www.screamawards.com.br, cadastrar-se e enviar uma produ\u00e7\u00e3o 100% original que esteja dentro de um dos g\u00eaneros relacionados \u00e0 premia\u00e7\u00e3o: terror, fic\u00e7\u00e3o cient\u00edfica, fantasia, desenhos animados e hist\u00f3rias em quadrinhos. Valem v\u00eddeos, fotos, grava\u00e7\u00f5es em \u00e1udio, desenhos\/ilustra\u00e7\u00f5es ou textos. As inscri\u00e7\u00f5es acontecem at\u00e9 o dia 2 de novembro &#8211; e os melhores, escolhidos por uma comiss\u00e3o julgadora, podem faturar uma TV LCD 32? + DVD HDMI, uma filmadora digital ou uma c\u00e2mera fotogr\u00e1fica. O concurso tamb\u00e9m est\u00e1 no Twitter: http:\/\/twitter.com\/ScreamAwards.<\/p>\n<p>Com exclusividade para a Am\u00e9rica Latina, a TNT exibe o SCREAM AWARDS 2009 no s\u00e1bado, 31 de outubro, \u00e0 0h25, com representa\u00e7\u00e3o na segunda-feira, dia 2 de novembro, \u00e0 0h25.<\/p>\n<p>TNT \u00e9 uma das redes de TV por assinatura l\u00edderes na Am\u00e9rica Latina e Caribe. Em sua programa\u00e7\u00e3o, oferece os mais recentes sucessos de bilheteria produzidos em Hollywood, eventos especiais como a entrega dos pr\u00eamios ACADEMY AWARDS\u00d2 e o GRAMMYs\u00d2Latino, shows com os artistas mais famosos do momento e produ\u00e7\u00f5es originais, como PROJETO 48\u00ae e DIRETORES LATINOS\u00ae. Transmitida em tr\u00eas idiomas (portugu\u00eas, espanhol e ingl\u00eas), a TNT possui cinco sinais de sat\u00e9lite, cobrindo as seguintes \u00e1reas: Brasil, Argentina, M\u00e9xico, Venezuela e o restante da Am\u00e9rica Latina e Caribe. A TNT est\u00e1 dispon\u00edvel para, aproximadamente, tr\u00eas milh\u00f5es de assinantes no Brasil e alcan\u00e7a mais de 29 milh\u00f5es de domic\u00edlios na Am\u00e9rica Latina, o que a torna um dos canais com maior distribui\u00e7\u00e3o na regi\u00e3o.<\/p>\n","protected":false},"excerpt":{"rendered":"<p>No pr\u00f3ximo s\u00e1bado, 31 de outubro, \u00e9 Dia das Bruxas &#8211; e tamb\u00e9m a data em que a TNT exibe a cerim\u00f4nia de entrega dos SCREAM AWARDS 2009. Para incentivar os f\u00e3s a entrarem no clima da premia\u00e7\u00e3o, o canal lan\u00e7ou um concurso cultural, desenvolvido pela ag\u00eancia iChimps, no qual os participantes v\u00e3o ter que [&hellip;]<\/p>\n","protected":false},"author":3,"featured_media":0,"comment_status":"open","ping_status":"open","sticky":false,"template":"","format":"standard","meta":{"tdm_status":"","tdm_grid_status":"","footnotes":""},"categories":[343],"tags":[],"class_list":{"0":"post-15362","1":"post","2":"type-post","3":"status-publish","4":"format-standard","6":"category-televisao"},"_links":{"self":[{"href":"https:\/\/migracao.redenoticia.com.br\/noticia\/wp-json\/wp\/v2\/posts\/15362","targetHints":{"allow":["GET"]}}],"collection":[{"href":"https:\/\/migracao.redenoticia.com.br\/noticia\/wp-json\/wp\/v2\/posts"}],"about":[{"href":"https:\/\/migracao.redenoticia.com.br\/noticia\/wp-json\/wp\/v2\/types\/post"}],"author":[{"embeddable":true,"href":"https:\/\/migracao.redenoticia.com.br\/noticia\/wp-json\/wp\/v2\/users\/3"}],"replies":[{"embeddable":true,"href":"https:\/\/migracao.redenoticia.com.br\/noticia\/wp-json\/wp\/v2\/comments?post=15362"}],"version-history":[{"count":0,"href":"https:\/\/migracao.redenoticia.com.br\/noticia\/wp-json\/wp\/v2\/posts\/15362\/revisions"}],"wp:attachment":[{"href":"https:\/\/migracao.redenoticia.com.br\/noticia\/wp-json\/wp\/v2\/media?parent=15362"}],"wp:term":[{"taxonomy":"category","embeddable":true,"href":"https:\/\/migracao.redenoticia.com.br\/noticia\/wp-json\/wp\/v2\/categories?post=15362"},{"taxonomy":"post_tag","embeddable":true,"href":"https:\/\/migracao.redenoticia.com.br\/noticia\/wp-json\/wp\/v2\/tags?post=15362"}],"curies":[{"name":"wp","href":"https:\/\/api.w.org\/{rel}","templated":true}]}}