{"id":15364,"date":"2009-10-27T23:21:55","date_gmt":"2009-10-28T03:21:55","guid":{"rendered":"http:\/\/www.redenoticia.com.br\/noticia\/?p=15364"},"modified":"2009-10-27T23:21:55","modified_gmt":"2009-10-28T03:21:55","slug":"musica-e-cor-invadem-a-tela-do-discovery-kids-com-temporada-inedita-de-hi-5","status":"publish","type":"post","link":"https:\/\/migracao.redenoticia.com.br\/noticia\/2009\/musica-e-cor-invadem-a-tela-do-discovery-kids-com-temporada-inedita-de-hi-5\/15364","title":{"rendered":"M\u00fasica e cor invadem a tela do Discovery Kids com temporada in\u00e9dita de HI-5"},"content":{"rendered":"<p>O\u00a0<strong>Discovery Kids<\/strong> apresenta a partir de segunda-feira, 2 de novembro, a nova temporada da s\u00e9rie <strong>HI-5<\/strong>, um dos cl\u00e1ssicos de audi\u00eancia do canal. De segunda a sexta-feira, sempre \u00e0s 17h, os telespectadores ter\u00e3o a oportunidade de conferir epis\u00f3dios in\u00e9ditos, repletos de divers\u00e3o e energia. A nova temporada de HI-5, al\u00e9m de trazer m\u00fasicas e hist\u00f3rias in\u00e9ditas, conta com um novo elenco &#8211; Casey, Fely, Lauren, Stevie e Tim passam a conduzir as aventuras. Sempre com muito dinamismo, a nova trupe continua apresentando brincadeiras interativas e convidando os pequenos telespectadores a participarem do programa.<\/p>\n<p>S\u00e9rie educativa, interativa e, acima de tudo, divertida, HI-5 proporciona \u00e0 garotada na em idade pr\u00e9-escolar aprendizado por meio da m\u00fasica, hist\u00f3rias, movimentos corporais e linguagem. Todos esses fundamentos educacionais utilizados no programa foram amplamente pesquisados e t\u00eam como prop\u00f3sito estimular o desenvolvimento infantil, al\u00e9m de promover a integra\u00e7\u00e3o entre os lados direito e esquerdo do c\u00e9rebro.<\/p>\n<p>Criado em 1999, HI-5 \u00e9 uma produ\u00e7\u00e3o da Nine Films &amp; Television e Kids Like US. Seu conceito original foi idealizado por Helena Harris, respons\u00e1vel pela cria\u00e7\u00e3o e produ\u00e7\u00e3o de diversos programas infantis, incluindo a famosa s\u00e9rie pr\u00e9-escolar Bananas de Pijamas.<\/p>\n<p>Valores educacionais<\/p>\n<p>O programa Hi-5 leva em considera\u00e7\u00e3o a diversidade de perfis de telespectadores, suas diferentes habilidades cognitivas e estilos de aprendizagem. O programa prop\u00f5e temas que ir\u00e3o gerar rea\u00e7\u00f5es diferentes em cada crian\u00e7a e, paralelamente, estimular formas individuais de integrar novas ideias.<\/p>\n<p>Hi-5 estimula, especificamente, diferentes \u00e1reas do aprendizado (linguagem, m\u00fasica, habilidades sociais e emocionais, conceitos visuais e matem\u00e1ticos) para acentuar aptid\u00f5es espec\u00edficas de cada crian\u00e7a. Seja com o reconhecimento das formas, quebra-cabe\u00e7as e desenhos, m\u00fasicas, jogos de palavras ou hist\u00f3rias, as crian\u00e7as s\u00e3o naturalmente levadas a experi\u00eancias l\u00fadicas e educativas.<\/p>\n","protected":false},"excerpt":{"rendered":"<p>O\u00a0Discovery Kids apresenta a partir de segunda-feira, 2 de novembro, a nova temporada da s\u00e9rie HI-5, um dos cl\u00e1ssicos de audi\u00eancia do canal. De segunda a sexta-feira, sempre \u00e0s 17h, os telespectadores ter\u00e3o a oportunidade de conferir epis\u00f3dios in\u00e9ditos, repletos de divers\u00e3o e energia. A nova temporada de HI-5, al\u00e9m de trazer m\u00fasicas e hist\u00f3rias [&hellip;]<\/p>\n","protected":false},"author":3,"featured_media":0,"comment_status":"open","ping_status":"open","sticky":false,"template":"","format":"standard","meta":{"tdm_status":"","tdm_grid_status":"","footnotes":""},"categories":[343],"tags":[],"class_list":{"0":"post-15364","1":"post","2":"type-post","3":"status-publish","4":"format-standard","6":"category-televisao"},"_links":{"self":[{"href":"https:\/\/migracao.redenoticia.com.br\/noticia\/wp-json\/wp\/v2\/posts\/15364","targetHints":{"allow":["GET"]}}],"collection":[{"href":"https:\/\/migracao.redenoticia.com.br\/noticia\/wp-json\/wp\/v2\/posts"}],"about":[{"href":"https:\/\/migracao.redenoticia.com.br\/noticia\/wp-json\/wp\/v2\/types\/post"}],"author":[{"embeddable":true,"href":"https:\/\/migracao.redenoticia.com.br\/noticia\/wp-json\/wp\/v2\/users\/3"}],"replies":[{"embeddable":true,"href":"https:\/\/migracao.redenoticia.com.br\/noticia\/wp-json\/wp\/v2\/comments?post=15364"}],"version-history":[{"count":0,"href":"https:\/\/migracao.redenoticia.com.br\/noticia\/wp-json\/wp\/v2\/posts\/15364\/revisions"}],"wp:attachment":[{"href":"https:\/\/migracao.redenoticia.com.br\/noticia\/wp-json\/wp\/v2\/media?parent=15364"}],"wp:term":[{"taxonomy":"category","embeddable":true,"href":"https:\/\/migracao.redenoticia.com.br\/noticia\/wp-json\/wp\/v2\/categories?post=15364"},{"taxonomy":"post_tag","embeddable":true,"href":"https:\/\/migracao.redenoticia.com.br\/noticia\/wp-json\/wp\/v2\/tags?post=15364"}],"curies":[{"name":"wp","href":"https:\/\/api.w.org\/{rel}","templated":true}]}}