{"id":15366,"date":"2009-10-27T23:23:52","date_gmt":"2009-10-28T03:23:52","guid":{"rendered":"http:\/\/www.redenoticia.com.br\/noticia\/?p=15366"},"modified":"2009-10-27T23:23:52","modified_gmt":"2009-10-28T03:23:52","slug":"lula-aprova-parecer-da-agu-favoravel-a-tv-cultura","status":"publish","type":"post","link":"https:\/\/migracao.redenoticia.com.br\/noticia\/2009\/lula-aprova-parecer-da-agu-favoravel-a-tv-cultura\/15366","title":{"rendered":"Lula aprova parecer da AGU favor\u00e1vel \u00e0 TV Cultura"},"content":{"rendered":"<p>O presidente <strong>Luiz In\u00e1cio Lula da Silva<\/strong> aprovou na \u00faltima quarta-feira (dia 21\/10), despacho do ainda advogado-geral da Uni\u00e3o, Jos\u00e9 Antonio Dias Toffoli, datado do dia 2, permitindo \u00e0 <strong>TV Cultura<\/strong> \u00e0 veicula\u00e7\u00e3o de conte\u00fados de car\u00e1ter recreativo, informativo ou de divulga\u00e7\u00e3o desportiva considerados educativos, &#8220;se neles estiverem presentes elementos instrutivos ou enfoques educativo-culturais identificados em sua apresenta\u00e7\u00e3o&#8221;. Tamb\u00e9m \u00e9 reconhecida a licitude da veicula\u00e7\u00e3o de propaganda institucional e o apoio cultural.<\/p>\n<p>O parecer foi dado em raz\u00e3o de questionamento da Funda\u00e7\u00e3o Padre Anchieta sobre uma controv\u00e9rsia jur\u00eddica entre a legisla\u00e7\u00e3o seguida pelo Minist\u00e9rio das Comunica\u00e7\u00f5es (em especial o Decreto-Lei 236\/67) e a Constitui\u00e7\u00e3o. O artigo 13 do decreto restringe o conte\u00fado das TVs p\u00fablicas \u00e0 transmiss\u00e3o de aulas, confer\u00eancias, palestras e debates, e veda qualquer propaganda direta ou indireta, bem como o patroc\u00ednio de programas.<\/p>\n<p>Ouvido pela Advocacia-Geral da Uni\u00e3o (AGU), o pr\u00f3prio consultor jur\u00eddico do Minist\u00e9rio das Comunica\u00e7\u00f5es, ainda que insistindo na tese de que a Constitui\u00e7\u00e3o n\u00e3o derrogou o artigo 13, flexibilizou o seu entendimento na atualidade, fornecendo os fundamentos para o despacho do advogado-geral, que assumiu uma das cadeiras de ministro do STF (Supremo Tribunal Federal).<\/p>\n<p>A nova norma d\u00e1 \u00e0 TV Cultura &#8211; bem como a todas as demais TVs p\u00fablicas do pa\u00eds &#8211; o mesmo tratamento j\u00e1 previsto em lei para a EBC (TV Brasil). O ato da Presid\u00eancia da Rep\u00fablica foi publicado no Di\u00e1rio Oficial da Uni\u00e3o, no dia 22.<\/p>\n","protected":false},"excerpt":{"rendered":"<p>O presidente Luiz In\u00e1cio Lula da Silva aprovou na \u00faltima quarta-feira (dia 21\/10), despacho do ainda advogado-geral da Uni\u00e3o, Jos\u00e9 Antonio Dias Toffoli, datado do dia 2, permitindo \u00e0 TV Cultura \u00e0 veicula\u00e7\u00e3o de conte\u00fados de car\u00e1ter recreativo, informativo ou de divulga\u00e7\u00e3o desportiva considerados educativos, &#8220;se neles estiverem presentes elementos instrutivos ou enfoques educativo-culturais identificados [&hellip;]<\/p>\n","protected":false},"author":3,"featured_media":0,"comment_status":"open","ping_status":"open","sticky":false,"template":"","format":"standard","meta":{"tdm_status":"","tdm_grid_status":"","footnotes":""},"categories":[343],"tags":[],"class_list":{"0":"post-15366","1":"post","2":"type-post","3":"status-publish","4":"format-standard","6":"category-televisao"},"_links":{"self":[{"href":"https:\/\/migracao.redenoticia.com.br\/noticia\/wp-json\/wp\/v2\/posts\/15366","targetHints":{"allow":["GET"]}}],"collection":[{"href":"https:\/\/migracao.redenoticia.com.br\/noticia\/wp-json\/wp\/v2\/posts"}],"about":[{"href":"https:\/\/migracao.redenoticia.com.br\/noticia\/wp-json\/wp\/v2\/types\/post"}],"author":[{"embeddable":true,"href":"https:\/\/migracao.redenoticia.com.br\/noticia\/wp-json\/wp\/v2\/users\/3"}],"replies":[{"embeddable":true,"href":"https:\/\/migracao.redenoticia.com.br\/noticia\/wp-json\/wp\/v2\/comments?post=15366"}],"version-history":[{"count":0,"href":"https:\/\/migracao.redenoticia.com.br\/noticia\/wp-json\/wp\/v2\/posts\/15366\/revisions"}],"wp:attachment":[{"href":"https:\/\/migracao.redenoticia.com.br\/noticia\/wp-json\/wp\/v2\/media?parent=15366"}],"wp:term":[{"taxonomy":"category","embeddable":true,"href":"https:\/\/migracao.redenoticia.com.br\/noticia\/wp-json\/wp\/v2\/categories?post=15366"},{"taxonomy":"post_tag","embeddable":true,"href":"https:\/\/migracao.redenoticia.com.br\/noticia\/wp-json\/wp\/v2\/tags?post=15366"}],"curies":[{"name":"wp","href":"https:\/\/api.w.org\/{rel}","templated":true}]}}