{"id":1537,"date":"2009-05-12T15:30:16","date_gmt":"2009-05-12T19:30:16","guid":{"rendered":"http:\/\/www.redenoticia.com.br\/noticia\/?p=1537"},"modified":"2009-05-12T15:31:48","modified_gmt":"2009-05-12T19:31:48","slug":"principe-da-beira-na-selecao-das-sete-maravilhas-portuguesas-no-mundo","status":"publish","type":"post","link":"https:\/\/migracao.redenoticia.com.br\/noticia\/2009\/principe-da-beira-na-selecao-das-sete-maravilhas-portuguesas-no-mundo\/1537","title":{"rendered":"Pr\u00edncipe da Beira na sele\u00e7\u00e3o das sete maravilhas portuguesas no mundo"},"content":{"rendered":"<p><span style=\"font-family: Arial;\"><a href=\"https:\/\/migracao.redenoticia.com.br\/noticia\/imagens\/\/forte.jpg\"><img loading=\"lazy\" decoding=\"async\" class=\"alignleft size-medium wp-image-1574\" title=\"forte\" src=\"https:\/\/migracao.redenoticia.com.br\/noticia\/imagens\/\/forte-249x187.jpg\" alt=\"forte\" width=\"249\" height=\"187\" \/><\/a>O conjunto arquitet\u00f4nico do Convento e Igreja de S\u00e3o Francisco e Ordem Terceira, no Pelourinho, est\u00e1 entre os 27 concorrentes para se tornar uma das 7 Maravilhas de Origem Portuguesa no Mundo. <\/span><\/p>\n<p><span style=\"font-family: Arial;\">Ao todo, s\u00e3o finalistas nove monumentos da \u00c1frica, oito da Am\u00e9rica Latina, dos quais sete est\u00e3o no Brasil e 10 na \u00c1sia. Para votar acesse o site http:\/\/www.7maravilhas.sapo.pt\/#\/home <\/span><\/p>\n<p><span style=\"font-family: Arial;\">O resultado ser\u00e1 apresentado em 10 de junho de 2009.<\/span><\/p>\n<p><span style=\"font-family: Arial;\">Na Am\u00e9rica do Sul al\u00e9m da Bahia est\u00e3o em vota\u00e7\u00e3o: Forte do Pr\u00edncipe da Beira (Rond\u00f4nia), a Igreja de S\u00e3o Francisco de Assis da Penit\u00eancia (Ouro Preto), o Mosteiro de S\u00e3o Bento de Olinda (Olinda), o Mosteiro de S\u00e3o Bento do Rio de Janeiro (Rio de Janeiro), o Santu\u00e1rio do Bom Jesus de Matosinhos (Congonhas de Campos, Minas Gerais), Convento de St\u00ba. Ant\u00f3nio e Ordem Terceira (Recife)e a Col\u00f4nia de Sacramento (Sacramento, Uruguai). <\/span><\/p>\n<p><span style=\"font-family: Arial;\">Na \u00c1frica, foram selecionados Convento do Carmo de Luanda (Luanda, Angola), a Cidade Velha de Santiago (Ilha de Santiago, Cabo Verde), Gorgora Nova (Dambi\u00e1, Eti\u00f3pia), a Fortaleza de S\u00e3o Jorge da Mina (S\u00e3o Jorge da Mina, Gana), a Fortaleza de Mazag\u00e3o (El Jadida, Marrocos), a Fortaleza de Safi (Safi, Marrocos), a Ilha de Mo\u00e7ambique (Mo\u00e7ambique), a Fortaleza de Jesus de Momba\u00e7a (Momba\u00e7a, Qu\u00eania) e a Fortaleza de Kilwa (Kilwa, Tanz\u00e2nia). <\/span><\/p>\n<p><span style=\"font-family: Arial;\">Na \u00c1sia, a Fortaleza de Qalat al-Bahrain (Golfe, Bahraine), a Igreja de S\u00e3o Paulo (Macau, China), a Cidade de Ba\u00e7aim (Vasai, \u00cdndia), a Fortaleza de Dam\u00e3o Grande (Dam\u00e3o, \u00cdndia), a Fortaleza de Diu (Gujarat, \u00cdndia), a Igreja de Bom Jesus do Goa (\u00cdndia), a S\u00e9 Catedral de Goa, a Fortaleza de Ormuz (Ormuz, Ir\u00e3), o Centro Hist\u00f3rico de Malaca (Malaca, Mal\u00e1sia) e a Fortifica\u00e7\u00e3o de Mascate (Mascate, Om\u00e3). <\/span><\/p>\n<p><strong><span style=\"font-family: Arial;\">O Concurso:<\/span><\/strong><\/p>\n<p><span style=\"font-family: Arial;\">Tudo come\u00e7ou com a cria\u00e7\u00e3o da New 7 Wonders Foundation, com sede no Le Corbusier, em Zurique, pelo su\u00ed\u00e7o Bernard Weber que lan\u00e7ou a vota\u00e7\u00e3o para eleger as novas 7 Maravilhas do Mundo, em 2001.<\/span><\/p>\n<p><span style=\"font-family: Arial;\">A id\u00e9ia de Weber consistia em envolver a popula\u00e7\u00e3o mundial numa campanha de divulga\u00e7\u00e3o do patrim\u00f4nio constru\u00eddo pelo homem e com isso contribuir para a sua preserva\u00e7\u00e3o.<\/span><\/p>\n<p><span style=\"font-family: Arial;\">Dando continuidade a proposta, foi realizada a elei\u00e7\u00e3o das 7 Maravilhas Portuguesa no Mundo. Numa vota\u00e7\u00e3o que envolveu mais de 350 mil portugueses.<\/span><\/p>\n<p><span style=\"font-family: Arial;\">A partir dos 27 monumentos portugueses espalhados pelo mundo, e classificados como patrim\u00f4nio da humanidade pela Unesco, ser\u00e3o escolhidos apenas sete.<\/span><\/p>\n<p><span style=\"font-family: Arial;\">A Bahiatursa e a Secretaria de Turismo da Bahia est\u00e3o apoiando a vinda de dois jornalistas da emissora de televis\u00e3o mais vista em Portugal, a RTP. Os profissionais chegam na pr\u00f3xima ter\u00e7a-feira (12\/05) para a realiza\u00e7\u00e3o de mat\u00e9rias especiais sobre o convento de S\u00e3o Francisco e Ordem Terceira.<\/span><\/p>\n<p class=\"MsoNormal\"><span style=\"font-family: Arial;\">Fonte tribunadacosta<\/span><\/p>\n","protected":false},"excerpt":{"rendered":"<p>O conjunto arquitet\u00f4nico do Convento e Igreja de S\u00e3o Francisco e Ordem Terceira, no Pelourinho, est\u00e1 entre os 27 concorrentes para se tornar uma das 7 Maravilhas de Origem Portuguesa no Mundo. Ao todo, s\u00e3o finalistas nove monumentos da \u00c1frica, oito da Am\u00e9rica Latina, dos quais sete est\u00e3o no Brasil e 10 na \u00c1sia. Para [&hellip;]<\/p>\n","protected":false},"author":3,"featured_media":0,"comment_status":"open","ping_status":"open","sticky":false,"template":"","format":"standard","meta":{"tdm_status":"","tdm_grid_status":"","footnotes":""},"categories":[22],"tags":[],"class_list":{"0":"post-1537","1":"post","2":"type-post","3":"status-publish","4":"format-standard","6":"category-brasil"},"_links":{"self":[{"href":"https:\/\/migracao.redenoticia.com.br\/noticia\/wp-json\/wp\/v2\/posts\/1537","targetHints":{"allow":["GET"]}}],"collection":[{"href":"https:\/\/migracao.redenoticia.com.br\/noticia\/wp-json\/wp\/v2\/posts"}],"about":[{"href":"https:\/\/migracao.redenoticia.com.br\/noticia\/wp-json\/wp\/v2\/types\/post"}],"author":[{"embeddable":true,"href":"https:\/\/migracao.redenoticia.com.br\/noticia\/wp-json\/wp\/v2\/users\/3"}],"replies":[{"embeddable":true,"href":"https:\/\/migracao.redenoticia.com.br\/noticia\/wp-json\/wp\/v2\/comments?post=1537"}],"version-history":[{"count":0,"href":"https:\/\/migracao.redenoticia.com.br\/noticia\/wp-json\/wp\/v2\/posts\/1537\/revisions"}],"wp:attachment":[{"href":"https:\/\/migracao.redenoticia.com.br\/noticia\/wp-json\/wp\/v2\/media?parent=1537"}],"wp:term":[{"taxonomy":"category","embeddable":true,"href":"https:\/\/migracao.redenoticia.com.br\/noticia\/wp-json\/wp\/v2\/categories?post=1537"},{"taxonomy":"post_tag","embeddable":true,"href":"https:\/\/migracao.redenoticia.com.br\/noticia\/wp-json\/wp\/v2\/tags?post=1537"}],"curies":[{"name":"wp","href":"https:\/\/api.w.org\/{rel}","templated":true}]}}