{"id":153754,"date":"2018-10-05T00:14:43","date_gmt":"2018-10-05T03:14:43","guid":{"rendered":"https:\/\/www.redenoticia.com.br\/noticia\/?p=153754"},"modified":"2018-10-11T22:47:06","modified_gmt":"2018-10-12T01:47:06","slug":"a-fazenda-10-conectada-votacao-em-nadja-e-sandro-movimenta-a-enquete","status":"publish","type":"post","link":"https:\/\/migracao.redenoticia.com.br\/noticia\/2018\/a-fazenda-10-conectada-votacao-em-nadja-e-sandro-movimenta-a-enquete\/153754","title":{"rendered":"&#8220;A Fazenda&#8221; 10 + Conectada: vota\u00e7\u00e3o em Nadja e Sandro movimentou a enquete"},"content":{"rendered":"<p><img loading=\"lazy\" decoding=\"async\" class=\"alignleft size-thumbnail wp-image-152827\" src=\"https:\/\/migracao.redenoticia.com.br\/noticia\/imagens\/a-fazenda-10-2018-150x112.jpg\" alt=\"\" width=\"150\" height=\"112\" srcset=\"https:\/\/migracao.redenoticia.com.br\/noticia\/imagens\/a-fazenda-10-2018-150x112.jpg 150w, https:\/\/migracao.redenoticia.com.br\/noticia\/imagens\/a-fazenda-10-2018-265x198.jpg 265w, https:\/\/migracao.redenoticia.com.br\/noticia\/imagens\/a-fazenda-10-2018-485x360.jpg 485w\" sizes=\"auto, (max-width: 150px) 100vw, 150px\" \/><strong><em>\u201cA Fazenda\u201d forma\u00e7\u00e3o da ro\u00e7a e vota\u00e7\u00e3o na enquete:<\/em><\/strong> Nadja recebeu 67,10 % dos votos do p\u00fablico e continua no jogo. Sandro se despediu de &#8220;A Fazenda&#8221; 2018. A segunda ro\u00e7a desta temporada come\u00e7ou com a vota\u00e7\u00e3o na segunda-feira, 01\/10. Ca\u00edque ficou com o poder da chama vermelha e deu o poder da chama Azul para a Fernanda. Ca\u00edque escolheu a imunidade na vota\u00e7\u00e3o dos pe\u00f5es. Fernanda teve que escolher um membro de cada equipe para n\u00e3o disputar a Prova de Fogo: Perlla e Jo\u00e3o. O Fazendeiro Leo indicou Sandro para a ro\u00e7a.<\/p>\n<p>Destaque &#8211; <\/p>\n<p>Gabi, Fernanda, Luane, Ca\u00edque e Nadja votaram no Rafael, que devolveu o voto para a Nadja. C\u00e1tia, Evandro, Ana Paula, Jo\u00e3o, Chulapa, Perlla, Sandro e Sertanejo votaram na Nadja, que votou no Rafael. Nadja foi a mais votada e foi para a ro\u00e7a. Ela escolheu Felipe para sair da baia e ir para a ro\u00e7a. Felipe, Nadja e Sandro disputaram a prova do Fazendeiro nesta ter\u00e7a (02). Os pe\u00f5es tiveram que vencer obst\u00e1culos para encaixar argolas em ganchos e virar o painel do fazendeiro. Felipe ganhou a prova e conquistou o cargo de Fazendeiro da Semana. Nadja e Sandro disputaram a prefer\u00eancia do p\u00fablico para continuarem em &#8220;A Fazenda&#8221;.<\/p>\n<p><script type=\"text\/javascript\" charset=\"utf-8\" data-cfasync=\"false\" src=\"https:\/\/secure.polldaddy.com\/p\/10125487.js\"><\/script><br \/>\n<noscript><\/noscript><\/p>\n<p>Resultado parcial<\/p>\n<p>03\/10 00h11 Nadja 83,54%; Sandro 16,46%.<br \/>\n03\/10 22h06 Nadja 70,71%; Sandro 29,29%. Total de Votos 7.108.<br \/>\n04\/10 16h19 Nadja 71,18%; Sandro 28,82%. Total de Votos 12.116.<\/p>\n<p>Se voc\u00ea n\u00e3o est\u00e1 vendo a enquete, clique no link: <\/p>\n<p>O voto v\u00e1lido \u00e9 registrado no portal oficial do programa  Rede Record.<\/p>\n<p>&#8212;<\/p>\n<p>Pe\u00f5es &#8220;A Fazenda&#8221; 10 + Conectada<\/p>\n<p>Equipe \u00c1gua &#8211; Leo Stronda; Ca\u00edque Aguiar; Gabi Prado; Fernanda Lacerda; Perlla; Ana Paula Renault; Nadja Pessoa; Luane Dias.<\/p>\n<p>Equipe Terra &#8211; Rafael Ilha; Alo\u00edsio Chulapa; Evandro Santo; Vida Vlatt; Felipe Sertanejo; C\u00e1tia Paganote; Jo\u00e3o Zoli; Sandro Pedroso.<\/p>\n<p>Rede Record &#8220;A Fazenda&#8221; 10 + Conectada<\/p>\n<p>&#8212;<br \/>\nA produ\u00e7\u00e3o da Record junto com a produtora Cygnus estabeleceu o calend\u00e1rio de trabalhos desta temporada de &#8220;A Fazenda&#8221;: a atra\u00e7\u00e3o come\u00e7ar\u00e1 a semana com a Forma\u00e7\u00e3o da Ro\u00e7a, na qual um roceiro ser\u00e1 indicado pelo Fazendeiro, o segundo pelo participante mais votado da sede e o terceiro, escolhido pela segunda pessoa que estiver na ro\u00e7a, que ter\u00e1 o direito de indicar algu\u00e9m da Baia.<\/p>\n<p>No lugar da Prova da Chave, entra a Prova do Fogo, na qual o vencedor adquire poderes especiais para si e para um outro pe\u00e3o.<\/p>\n<p>Na ter\u00e7a-feira, ser\u00e1 o dia da Prova do Fazendeiro, na qual os tr\u00eas roceiros entram na disputa. O Fazendeiro dar\u00e1 as ordens na casa, ganha imunidade por mais uma semana, escapa da Ro\u00e7a e ainda indica um pe\u00e3o na semana seguinte.<\/p>\n<p>Na quarta, ser\u00e3o exibidos os Melhores Momentos do dia, enquanto a quinta-feira ser\u00e1 dia de Elimina\u00e7\u00e3o. Sextas-feiras ter\u00e3o a Prova de Fogo com os membros indicados de cada grupo, no s\u00e1bado eles se divertem na Festa e no domingo, haver\u00e1 uma Atividade Especial.<\/p>\n","protected":false},"excerpt":{"rendered":"<p>\u201cA Fazenda\u201d forma\u00e7\u00e3o da ro\u00e7a e vota\u00e7\u00e3o na enquete: Nadja recebeu 67,10 % dos votos do p\u00fablico e continua no jogo. Sandro se despediu de &#8220;A Fazenda&#8221; 2018. A segunda ro\u00e7a desta temporada come\u00e7ou com a vota\u00e7\u00e3o na segunda-feira, 01\/10. Ca\u00edque ficou com o poder da chama vermelha e deu o poder da chama Azul [&hellip;]<\/p>\n","protected":false},"author":2,"featured_media":152827,"comment_status":"open","ping_status":"closed","sticky":false,"template":"","format":"standard","meta":{"tdm_status":"","tdm_grid_status":"","footnotes":""},"categories":[406,371,343],"tags":[521],"class_list":{"0":"post-153754","1":"post","2":"type-post","3":"status-publish","4":"format-standard","5":"has-post-thumbnail","7":"category-a-fazenda","8":"category-rede-record","9":"category-televisao","10":"tag-enquete"},"_links":{"self":[{"href":"https:\/\/migracao.redenoticia.com.br\/noticia\/wp-json\/wp\/v2\/posts\/153754","targetHints":{"allow":["GET"]}}],"collection":[{"href":"https:\/\/migracao.redenoticia.com.br\/noticia\/wp-json\/wp\/v2\/posts"}],"about":[{"href":"https:\/\/migracao.redenoticia.com.br\/noticia\/wp-json\/wp\/v2\/types\/post"}],"author":[{"embeddable":true,"href":"https:\/\/migracao.redenoticia.com.br\/noticia\/wp-json\/wp\/v2\/users\/2"}],"replies":[{"embeddable":true,"href":"https:\/\/migracao.redenoticia.com.br\/noticia\/wp-json\/wp\/v2\/comments?post=153754"}],"version-history":[{"count":0,"href":"https:\/\/migracao.redenoticia.com.br\/noticia\/wp-json\/wp\/v2\/posts\/153754\/revisions"}],"wp:featuredmedia":[{"embeddable":true,"href":"https:\/\/migracao.redenoticia.com.br\/noticia\/wp-json\/wp\/v2\/media\/152827"}],"wp:attachment":[{"href":"https:\/\/migracao.redenoticia.com.br\/noticia\/wp-json\/wp\/v2\/media?parent=153754"}],"wp:term":[{"taxonomy":"category","embeddable":true,"href":"https:\/\/migracao.redenoticia.com.br\/noticia\/wp-json\/wp\/v2\/categories?post=153754"},{"taxonomy":"post_tag","embeddable":true,"href":"https:\/\/migracao.redenoticia.com.br\/noticia\/wp-json\/wp\/v2\/tags?post=153754"}],"curies":[{"name":"wp","href":"https:\/\/api.w.org\/{rel}","templated":true}]}}