{"id":154016,"date":"2018-10-04T22:24:33","date_gmt":"2018-10-05T01:24:33","guid":{"rendered":"https:\/\/www.redenoticia.com.br\/noticia\/?p=154016"},"modified":"2018-10-04T22:24:33","modified_gmt":"2018-10-05T01:24:33","slug":"estudo-sobre-efeitos-do-exercicio-em-obesos-com-asma-e-premiado-em-paris","status":"publish","type":"post","link":"https:\/\/migracao.redenoticia.com.br\/noticia\/2018\/estudo-sobre-efeitos-do-exercicio-em-obesos-com-asma-e-premiado-em-paris\/154016","title":{"rendered":"Estudo sobre efeitos do exerc\u00edcio em obesos com asma \u00e9 premiado em Paris"},"content":{"rendered":"<p> Andr\u00e9 Juli\u00e3o\u00a0 |\u00a0 Ag\u00eancia FAPESP\u00a0\u2013 Um estudo realizado na Faculdade de Medicina da USP mostrou que <strong><em>obesos com asma<\/em><\/strong> submetidos a uma dieta balanceada e a uma rotina de exerc\u00edcios f\u00edsicos tiveram uma melhora significativa na fun\u00e7\u00e3o pulmonar e nos medidores inflamat\u00f3rios da doen\u00e7a. Al\u00e9m disso, essas pessoas apresentaram melhora nos n\u00edveis de ansiedade e depress\u00e3o e se tornam fisicamente ativas. Em todos esses indicadores, os pacientes obesos tiveram uma melhora do quadro de asma superior ao de pessoas saud\u00e1veis submetidas a uma mesma rotina.<\/p>\n<p>O estudo publicado na\u00a0, recebeu o segundo lugar do pr\u00eamio de melhor trabalho em Reabilita\u00e7\u00e3o Pulmonar e Doen\u00e7as Cr\u00f4nicas do European Respiratory Congress, realizado em Paris entre os dias 15 e 19 de setembro.<\/p>\n<p>O trabalho, \u00fanico n\u00e3o europeu a concorrer ao pr\u00eamio, \u00e9 resultado do\u00a0\u00a0de\u00a0, que atualmente realiza\u00a0\u00a0sob supervis\u00e3o do professor\u00a0, da Faculdade de Medicina da USP.<\/p>\n<p>Um trabalho anterior do grupo sobre o mesmo assunto, publicado no ano passado, j\u00e1 havia sido inclu\u00eddo na edi\u00e7\u00e3o de 2018 do relat\u00f3rio da Global Initiative for Asthma (GINA), refer\u00eancia mundial para preven\u00e7\u00e3o e tratamento da asma.<\/p>\n<p>A asma \u00e9 bastante comum em pessoas com obesidade, mas n\u00e3o se sabe exatamente se h\u00e1 uma associa\u00e7\u00e3o direta entre as duas condi\u00e7\u00f5es. \u201cSabe-se que os tipos de asma na pessoa obesa s\u00e3o diferentes dos que ocorrem em pessoas n\u00e3o obesas\u201d, disse Fernandes \u00e0 Ag\u00eancia FAPESP.<\/p>\n<p>Segundo o pesquisador, asm\u00e1ticos obesos s\u00e3o predominantemente mulheres, os sintomas come\u00e7am mais tarde e o tipo de inflama\u00e7\u00e3o pulmonar \u00e9 diferente. Existem evid\u00eancias de que haja fatores gen\u00e9ticos que a influenciam, mas ainda faltam estudos nesse campo.<\/p>\n<p>Para o estudo premiado, foram selecionados 55 pacientes obesos com asma. Todos receberam uma dieta individualizada de baixas calorias, sob orienta\u00e7\u00e3o de nutricionistas e psic\u00f3logos. Al\u00e9m disso, 28 desses pacientes foram submetidos a uma rotina de exerc\u00edcios f\u00edsicos no Ambulat\u00f3rio de Reabilita\u00e7\u00e3o Pulmonar do Hospital das Cl\u00ednicas da Faculdade de Medicina da USP, enquanto os outros 27 (grupo controle) tiveram uma rotina apenas de alongamento.<\/p>\n<p>O grupo que fez exerc\u00edcios perdeu at\u00e9 o dobro do peso em rela\u00e7\u00e3o ao que o grupo controle emagreceu. \u201cIsso gerou uma melhora significativa de v\u00e1rios fatores do quadro de asma desses pacientes, melhor at\u00e9 do que vemos em pacientes saud\u00e1veis que fazem exerc\u00edcio f\u00edsico\u201d, disse Freitas, que agora trabalha na identifica\u00e7\u00e3o de fen\u00f3tipos da asma em diferentes grupos de pacientes.<\/p>\n<p>Al\u00e9m disso, Freitas e Fernandes realizam um estudo comportamental para mudar o n\u00edvel de atividade f\u00edsica de obesos com asma por meio de um programa de caminhadas que os pacientes v\u00e3o realizar em casa. Ao final, ser\u00e3o avaliados os efeitos no controle cl\u00ednico da doen\u00e7a e de outros fatores associados.<\/p>\n<p>O grupo iniciou ainda um programa de dieta em que os pacientes v\u00e3o fazer a pr\u00f3pria comida em casa. \u201cO objetivo \u00e9 tornar o tratamento do paciente asm\u00e1tico mais comum e dispon\u00edvel na rede p\u00fablica\u201d, disse Fernandes.<\/p>\n","protected":false},"excerpt":{"rendered":"<p>Andr\u00e9 Juli\u00e3o\u00a0 |\u00a0 Ag\u00eancia FAPESP\u00a0\u2013 Um estudo realizado na Faculdade de Medicina da USP mostrou que obesos com asma submetidos a uma dieta balanceada e a uma rotina de exerc\u00edcios f\u00edsicos tiveram uma melhora significativa na fun\u00e7\u00e3o pulmonar e nos medidores inflamat\u00f3rios da doen\u00e7a. Al\u00e9m disso, essas pessoas apresentaram melhora nos n\u00edveis de ansiedade e [&hellip;]<\/p>\n","protected":false},"author":2,"featured_media":148274,"comment_status":"open","ping_status":"closed","sticky":false,"template":"","format":"standard","meta":{"tdm_status":"","tdm_grid_status":"","footnotes":""},"categories":[22,5],"tags":[],"class_list":{"0":"post-154016","1":"post","2":"type-post","3":"status-publish","4":"format-standard","5":"has-post-thumbnail","7":"category-brasil","8":"category-saude-e-vida"},"_links":{"self":[{"href":"https:\/\/migracao.redenoticia.com.br\/noticia\/wp-json\/wp\/v2\/posts\/154016","targetHints":{"allow":["GET"]}}],"collection":[{"href":"https:\/\/migracao.redenoticia.com.br\/noticia\/wp-json\/wp\/v2\/posts"}],"about":[{"href":"https:\/\/migracao.redenoticia.com.br\/noticia\/wp-json\/wp\/v2\/types\/post"}],"author":[{"embeddable":true,"href":"https:\/\/migracao.redenoticia.com.br\/noticia\/wp-json\/wp\/v2\/users\/2"}],"replies":[{"embeddable":true,"href":"https:\/\/migracao.redenoticia.com.br\/noticia\/wp-json\/wp\/v2\/comments?post=154016"}],"version-history":[{"count":0,"href":"https:\/\/migracao.redenoticia.com.br\/noticia\/wp-json\/wp\/v2\/posts\/154016\/revisions"}],"wp:featuredmedia":[{"embeddable":true,"href":"https:\/\/migracao.redenoticia.com.br\/noticia\/wp-json\/wp\/v2\/media\/148274"}],"wp:attachment":[{"href":"https:\/\/migracao.redenoticia.com.br\/noticia\/wp-json\/wp\/v2\/media?parent=154016"}],"wp:term":[{"taxonomy":"category","embeddable":true,"href":"https:\/\/migracao.redenoticia.com.br\/noticia\/wp-json\/wp\/v2\/categories?post=154016"},{"taxonomy":"post_tag","embeddable":true,"href":"https:\/\/migracao.redenoticia.com.br\/noticia\/wp-json\/wp\/v2\/tags?post=154016"}],"curies":[{"name":"wp","href":"https:\/\/api.w.org\/{rel}","templated":true}]}}