{"id":1541,"date":"2009-05-11T16:52:06","date_gmt":"2009-05-11T20:52:06","guid":{"rendered":"http:\/\/www.redenoticia.com.br\/noticia\/?p=1541"},"modified":"2009-05-12T14:58:48","modified_gmt":"2009-05-12T18:58:48","slug":"camara-reunida-analisa-cassacao-de-klecius","status":"publish","type":"post","link":"https:\/\/migracao.redenoticia.com.br\/noticia\/2009\/camara-reunida-analisa-cassacao-de-klecius\/1541","title":{"rendered":"C\u00e2mara reunida analisa cassa\u00e7\u00e3o de Kl\u00e9cius Modesto &#8211; Veja v\u00eddeos"},"content":{"rendered":"<p class=\"MsoNormal\"><strong><span style=\"font-family: Arial; font-weight: normal;\"><span style=\"color: #0000ee; text-decoration: underline;\"><a href=\"https:\/\/migracao.redenoticia.com.br\/noticia\/imagens\/\/cassacao.jpg\"><img loading=\"lazy\" decoding=\"async\" class=\"alignleft size-medium wp-image-1552\" title=\"cassacao\" src=\"https:\/\/migracao.redenoticia.com.br\/noticia\/imagens\/\/cassacao-249x187.jpg\" alt=\"cassacao\" width=\"249\" height=\"187\" \/><\/a><\/span>Em Ji-Paran\u00e1, o juiz titular da 3\u00aa Zona Eleitoral do Tribunal Regional Eleitoral (TRE) Valdecir Ramos de Souza cassou no final da manh\u00e3 (11) o mandato do vereador Klecius Modesto (PSDC) por crime eleitoral. <\/span><\/strong><\/p>\n<p class=\"MsoNormal\"><strong><span style=\"font-family: Arial; font-weight: normal;\">A senten\u00e7a tamb\u00e9m determina a posse do suplente, Jos\u00e9 Carlos Correa (PRB) na pr\u00f3xima sess\u00e3o que ocorrer\u00e1 amanh\u00e3 \u00e0 partir da 09h00.<\/span><\/strong><\/p>\n<p class=\"MsoNormal\"><strong><span style=\"font-family: Arial; font-weight: normal;\">Kl\u00e9cius est\u00e1 reunido no gabinete de crise a assessoria informou que ele deve recorrer da senten\u00e7a ainda hoje. <\/span><\/strong><\/p>\n<p class=\"MsoNormal\"><strong><span style=\"font-family: Arial; font-weight: normal;\">Outra possibilidade em an\u00e1lise \u00e9 sobre um regimento que determina a permanencia do vereador at\u00e9 transito em julgado.<\/span><\/strong><\/p>\n<p class=\"MsoNormal\"><strong><span style=\"font-family: Arial; font-weight: normal;\"> O Presidente da C\u00e2mara, Nilton C\u00e9sar, fala sobre as provid\u00eancias ao Rede Not\u00edcia. Veja o v\u00eddeo.<\/span><\/strong><\/p>\n<p class=\"MsoNormal\"><strong><span style=\"font-family: Arial; font-weight: normal;\">[wpyt_profile2]YidbrJdEL24[\/wpyt_profile2]<br \/>\n<\/span><\/strong><\/p>\n<p class=\"MsoNormal\"><strong><span style=\"font-family: Arial; font-weight: normal;\">O suplente Cacau (Jos\u00e9 Carlos Corr\u00eaa) est\u00e1 na expectativa de ser chamado para assumir o mandato. Veja o v\u00eddeo.<\/span><\/strong><\/p>\n<p class=\"MsoNormal\"><strong><span style=\"font-family: Arial; font-weight: normal;\">[wpyt_profile2]h8eMRc3Eu5s[\/wpyt_profile2]<br \/>\n<\/span><\/strong><\/p>\n","protected":false},"excerpt":{"rendered":"<p>Em Ji-Paran\u00e1, o juiz titular da 3\u00aa Zona Eleitoral do Tribunal Regional Eleitoral (TRE) Valdecir Ramos de Souza cassou no final da manh\u00e3 (11) o mandato do vereador Klecius Modesto (PSDC) por crime eleitoral. A senten\u00e7a tamb\u00e9m determina a posse do suplente, Jos\u00e9 Carlos Correa (PRB) na pr\u00f3xima sess\u00e3o que ocorrer\u00e1 amanh\u00e3 \u00e0 partir da [&hellip;]<\/p>\n","protected":false},"author":3,"featured_media":0,"comment_status":"open","ping_status":"open","sticky":false,"template":"","format":"standard","meta":{"tdm_status":"","tdm_grid_status":"","footnotes":""},"categories":[22],"tags":[],"class_list":{"0":"post-1541","1":"post","2":"type-post","3":"status-publish","4":"format-standard","6":"category-brasil"},"_links":{"self":[{"href":"https:\/\/migracao.redenoticia.com.br\/noticia\/wp-json\/wp\/v2\/posts\/1541","targetHints":{"allow":["GET"]}}],"collection":[{"href":"https:\/\/migracao.redenoticia.com.br\/noticia\/wp-json\/wp\/v2\/posts"}],"about":[{"href":"https:\/\/migracao.redenoticia.com.br\/noticia\/wp-json\/wp\/v2\/types\/post"}],"author":[{"embeddable":true,"href":"https:\/\/migracao.redenoticia.com.br\/noticia\/wp-json\/wp\/v2\/users\/3"}],"replies":[{"embeddable":true,"href":"https:\/\/migracao.redenoticia.com.br\/noticia\/wp-json\/wp\/v2\/comments?post=1541"}],"version-history":[{"count":0,"href":"https:\/\/migracao.redenoticia.com.br\/noticia\/wp-json\/wp\/v2\/posts\/1541\/revisions"}],"wp:attachment":[{"href":"https:\/\/migracao.redenoticia.com.br\/noticia\/wp-json\/wp\/v2\/media?parent=1541"}],"wp:term":[{"taxonomy":"category","embeddable":true,"href":"https:\/\/migracao.redenoticia.com.br\/noticia\/wp-json\/wp\/v2\/categories?post=1541"},{"taxonomy":"post_tag","embeddable":true,"href":"https:\/\/migracao.redenoticia.com.br\/noticia\/wp-json\/wp\/v2\/tags?post=1541"}],"curies":[{"name":"wp","href":"https:\/\/api.w.org\/{rel}","templated":true}]}}