{"id":154629,"date":"2018-10-12T00:03:58","date_gmt":"2018-10-12T03:03:58","guid":{"rendered":"https:\/\/www.redenoticia.com.br\/noticia\/?p=154629"},"modified":"2018-10-25T22:26:04","modified_gmt":"2018-10-26T01:26:04","slug":"a-fazenda-10-conectada-votacao-em-ana-paula-e-nadja-movimenta-a-enquete","status":"publish","type":"post","link":"https:\/\/migracao.redenoticia.com.br\/noticia\/2018\/a-fazenda-10-conectada-votacao-em-ana-paula-e-nadja-movimenta-a-enquete\/154629","title":{"rendered":"&#8220;A Fazenda&#8221; 10 + Conectada: vota\u00e7\u00e3o em Ana Paula e Nadja movimentou a enquete"},"content":{"rendered":"<p><img loading=\"lazy\" decoding=\"async\" class=\"alignleft size-thumbnail wp-image-152827\" src=\"https:\/\/migracao.redenoticia.com.br\/noticia\/imagens\/a-fazenda-10-2018-150x112.jpg\" alt=\"\" width=\"150\" height=\"112\" srcset=\"https:\/\/migracao.redenoticia.com.br\/noticia\/imagens\/a-fazenda-10-2018-150x112.jpg 150w, https:\/\/migracao.redenoticia.com.br\/noticia\/imagens\/a-fazenda-10-2018-265x198.jpg 265w, https:\/\/migracao.redenoticia.com.br\/noticia\/imagens\/a-fazenda-10-2018-485x360.jpg 485w\" sizes=\"auto, (max-width: 150px) 100vw, 150px\" \/><strong><em>\u201cA Fazenda\u201d forma\u00e7\u00e3o da ro\u00e7a e vota\u00e7\u00e3o na enquete:<\/em><\/strong> Nadja recebeu 64,2 % dos votos do p\u00fablico e continua no jogo. Ana Paula se despediu de &#8220;A Fazenda&#8221; 2018. A terceira ro\u00e7a desta temporada come\u00e7ou com a vota\u00e7\u00e3o na segunda-feira, 08\/10. O Fazendeiro Felipe indicou Nadja para a ro\u00e7a. Os pe\u00f5es apresentaram seus votos nos concorrentes da sede: Nadja indicou o Chulapa. Rafael, Ca\u00edque, Chulapa, Perlla, Jo\u00e3o, Fernanda, C\u00e1tia, Luane, Evandro e Leo votaram na Ana Paula, que votou na Fernanda. Gabi votou no Rafael. Rafael ficou com o poder da chama Azul, deu o poder da chama Vermelha para C\u00e1tia e ela informou sobre o jogo do resta um. C\u00e1tia salvou Chulapa, que salvou Luane, que salvou Leo, que salvou Perlla, que salvou Ca\u00edque, que salvou Fernanda, que salvou Rafael.<\/p>\n<p>Destaque &#8211; <\/p>\n<p>Restou Ana Paula para compor a ro\u00e7a. Com o poder da chama Azul, Rafael retirou Evandro da baia e o mandou para a ro\u00e7a. Ana Paula, Evandro e Nadja disputaram a prova do Fazendeiro nesta ter\u00e7a (09). Os pe\u00f5es tiveram que ter sorte em uma roleta para ganharem pe\u00e7as e montarem o painel do chap\u00e9u do Fazendeiro. <\/p>\n<p>Evandro ganhou a prova e conquistou o cargo de Fazendeiro da Semana. Ana Paula e Nadja disputaram a prefer\u00eancia do p\u00fablico para continuarem em &#8220;A Fazenda&#8221;. <\/p>\n<p><script type=\"text\/javascript\" charset=\"utf-8\" data-cfasync=\"false\" src=\"https:\/\/secure.polldaddy.com\/p\/10132325.js\"><\/script><br \/>\n<noscript><\/noscript><\/p>\n<p>Resultado parcial<br \/>\n10\/10 00h38 Nadja 63,95%; Ana Paula 36,05%. Total de Votos 6.333.<br \/>\n10\/10 09h16 Nadja 70,04%; Ana Paula 29,96%. Total de Votos 18.030.<br \/>\n10\/10 18h16 Nadja 73,58%; Ana Paula 26,42%. Total de Votos 27.640.<br \/>\n11\/10 12h23 Nadja 75,09%; Ana Paula 24,91%. Total de Votos 40.838.<br \/>\n11\/10 22h49 Nadja 75,55%; Ana Paula 24,45%. Total de Votos 46.492.<\/p>\n<p>Se voc\u00ea n\u00e3o est\u00e1 vendo a enquete, clique no link &#8211; <\/p>\n<p>O voto v\u00e1lido \u00e9 registrado no portal oficial do programa  Rede Record.<\/p>\n<p>&#8212;<\/p>\n<p>Pe\u00f5es &#8220;A Fazenda&#8221; 10 + Conectada<\/p>\n<p>Equipe \u00c1gua &#8211; Leo Stronda; Ca\u00edque Aguiar; Gabi Prado; Fernanda Lacerda; Perlla; Ana Paula Renault; Nadja Pessoa; Luane Dias.<\/p>\n<p>Equipe Terra &#8211; Rafael Ilha; Alo\u00edsio Chulapa; Evandro Santo; Vida Vlatt; Felipe Sertanejo; C\u00e1tia Paganote; Jo\u00e3o Zoli; Sandro Pedroso.<\/p>\n<p>Rede Record &#8220;A Fazenda&#8221; 10 + Conectada<\/p>\n<p>&#8212;<br \/>\nA produ\u00e7\u00e3o da Record junto com a produtora Cygnus estabeleceu o calend\u00e1rio de trabalhos desta temporada de &#8220;A Fazenda&#8221;: a atra\u00e7\u00e3o come\u00e7ar\u00e1 a semana com a Forma\u00e7\u00e3o da Ro\u00e7a, na qual um roceiro ser\u00e1 indicado pelo Fazendeiro, o segundo pelo participante mais votado da sede e o terceiro, escolhido pela segunda pessoa que estiver na ro\u00e7a, que ter\u00e1 o direito de indicar algu\u00e9m da Baia.<\/p>\n<p>No lugar da Prova da Chave, entra a Prova do Fogo, na qual o vencedor adquire poderes especiais para si e para um outro pe\u00e3o.<\/p>\n<p>Na ter\u00e7a-feira, ser\u00e1 o dia da Prova do Fazendeiro, na qual os tr\u00eas roceiros entram na disputa. O Fazendeiro dar\u00e1 as ordens na casa, ganha imunidade por mais uma semana, escapa da Ro\u00e7a e ainda indica um pe\u00e3o na semana seguinte.<\/p>\n<p>Na quarta, ser\u00e3o exibidos os Melhores Momentos do dia, enquanto a quinta-feira ser\u00e1 dia de Elimina\u00e7\u00e3o. Sextas-feiras ter\u00e3o a Prova de Fogo com os membros indicados de cada grupo, no s\u00e1bado eles se divertem na Festa e no domingo, haver\u00e1 uma Atividade Especial.<\/p>\n","protected":false},"excerpt":{"rendered":"<p>\u201cA Fazenda\u201d forma\u00e7\u00e3o da ro\u00e7a e vota\u00e7\u00e3o na enquete: Nadja recebeu 64,2 % dos votos do p\u00fablico e continua no jogo. Ana Paula se despediu de &#8220;A Fazenda&#8221; 2018. A terceira ro\u00e7a desta temporada come\u00e7ou com a vota\u00e7\u00e3o na segunda-feira, 08\/10. O Fazendeiro Felipe indicou Nadja para a ro\u00e7a. Os pe\u00f5es apresentaram seus votos nos [&hellip;]<\/p>\n","protected":false},"author":2,"featured_media":152827,"comment_status":"open","ping_status":"closed","sticky":false,"template":"","format":"standard","meta":{"tdm_status":"","tdm_grid_status":"","footnotes":""},"categories":[406,371,343],"tags":[521],"class_list":{"0":"post-154629","1":"post","2":"type-post","3":"status-publish","4":"format-standard","5":"has-post-thumbnail","7":"category-a-fazenda","8":"category-rede-record","9":"category-televisao","10":"tag-enquete"},"_links":{"self":[{"href":"https:\/\/migracao.redenoticia.com.br\/noticia\/wp-json\/wp\/v2\/posts\/154629","targetHints":{"allow":["GET"]}}],"collection":[{"href":"https:\/\/migracao.redenoticia.com.br\/noticia\/wp-json\/wp\/v2\/posts"}],"about":[{"href":"https:\/\/migracao.redenoticia.com.br\/noticia\/wp-json\/wp\/v2\/types\/post"}],"author":[{"embeddable":true,"href":"https:\/\/migracao.redenoticia.com.br\/noticia\/wp-json\/wp\/v2\/users\/2"}],"replies":[{"embeddable":true,"href":"https:\/\/migracao.redenoticia.com.br\/noticia\/wp-json\/wp\/v2\/comments?post=154629"}],"version-history":[{"count":0,"href":"https:\/\/migracao.redenoticia.com.br\/noticia\/wp-json\/wp\/v2\/posts\/154629\/revisions"}],"wp:featuredmedia":[{"embeddable":true,"href":"https:\/\/migracao.redenoticia.com.br\/noticia\/wp-json\/wp\/v2\/media\/152827"}],"wp:attachment":[{"href":"https:\/\/migracao.redenoticia.com.br\/noticia\/wp-json\/wp\/v2\/media?parent=154629"}],"wp:term":[{"taxonomy":"category","embeddable":true,"href":"https:\/\/migracao.redenoticia.com.br\/noticia\/wp-json\/wp\/v2\/categories?post=154629"},{"taxonomy":"post_tag","embeddable":true,"href":"https:\/\/migracao.redenoticia.com.br\/noticia\/wp-json\/wp\/v2\/tags?post=154629"}],"curies":[{"name":"wp","href":"https:\/\/api.w.org\/{rel}","templated":true}]}}