{"id":15473,"date":"2009-10-28T10:34:31","date_gmt":"2009-10-28T14:34:31","guid":{"rendered":"http:\/\/www.redenoticia.com.br\/noticia\/?p=15473"},"modified":"2009-10-28T10:34:31","modified_gmt":"2009-10-28T14:34:31","slug":"inscricao-vunesp-concurso-da-pm-sp-com-26-mil-vagas-para-soldado-temporario","status":"publish","type":"post","link":"https:\/\/migracao.redenoticia.com.br\/noticia\/2009\/inscricao-vunesp-concurso-da-pm-sp-com-26-mil-vagas-para-soldado-temporario\/15473","title":{"rendered":"Inscri\u00e7\u00e3o Vunesp concurso da PM SP com 2,6 mil vagas para Soldado Tempor\u00e1rio"},"content":{"rendered":"<p>A Pol\u00edcia Militar de S\u00e3o Paulo abriu 2.682 vagas para soldado tempor\u00e1rio. Os postos est\u00e3o divididos na Capital e em 133 cidades do Interior e Grande S\u00e3o Paulo. Os ganhos s\u00e3o de dois sal\u00e1rios m\u00ednimos (estadual), que equivalem hoje a R$ 1.060,00. Os interessados devem preencher ficha de inscri\u00e7\u00e3o no site\u00a0 <a href=\"http:\/\/www.vunesp.com.br\/\" target=\"_blank\">http:\/\/www.vunesp.com.br<\/a> at\u00e9 as 16 horas do dia 9 de novembro. As vagas s\u00e3o destinadas a homens e mulheres, com idades entre 18 e 23 anos.\u00a0<\/p>\n<p>O valor da taxa de inscri\u00e7\u00e3o \u00e9 R$ 15,00. H\u00e1 possibilidade de abatimento da taxa para casos espec\u00edficos, conforme publicado no edital do concurso, tamb\u00e9m dispon\u00edvel na p\u00e1gina da Vunesp e publicado no Di\u00e1rio Oficial do Estado do dia 21 de outubro.\u00a0\u00a0<\/p>\n<p>A avalia\u00e7\u00e3o ser\u00e1 realizada em quatro etapas. A primeira \u00e9 a prova de escolaridade, de car\u00e1ter eliminat\u00f3rio, composta por cinquenta quest\u00f5es de l\u00edngua portuguesa, matem\u00e1tica e conhecimentos gerais. Nessa avalia\u00e7\u00e3o, classificam-se os candidatos que obtiverem um m\u00ednimo de 50 pontos. O n\u00famero de classificados \u00e9 limitado ao dobro da quantidade de vagas de cada munic\u00edpio. Cada quest\u00e3o vale dois pontos.\u00a0<\/p>\n<p>A segunda etapa \u00e9 a prova de condicionamento f\u00edsico, de car\u00e1ter classificat\u00f3rio. Nela, os candidatos ser\u00e3o avaliados em uma corrida de 12 minutos. A terceira \u00e9 a investiga\u00e7\u00e3o social, para analisar se a vida pregressa e atual dos candidatos \u00e9 compat\u00edvel com o perfil desejado para a PM. E, por fim, a quarta e \u00faltima, composta por uma an\u00e1lise de documentos que comprovem a condi\u00e7\u00e3o do postulante \u00e0 vaga.\u00a0<\/p>\n<p>A prova de escolaridade est\u00e1 prevista para ser realizada no dia 29 de novembro, \u00e0s 14 horas. Por\u00e9m, \u00e9 aconselh\u00e1vel que os candidatos entrem regularmente no site da Vunesp para confirma\u00e7\u00e3o de data, hor\u00e1rio, e local de prova no edital de convoca\u00e7\u00e3o, que tamb\u00e9m ser\u00e1 publicado no Di\u00e1rio Oficial do Estado (DOE).\u00a0<\/p>\n<p>Os aprovados assinam um contrato de um ano, prorrog\u00e1vel por igual per\u00edodo. Nos primeiros tr\u00eas meses, o auxiliar volunt\u00e1rio permanece em treinamento. Tendo desempenho satisfat\u00f3rio, ele recebe a tarjeta de soldado tempor\u00e1rio.\u00a0<\/p>\n<p>Da Secretaria de Seguran\u00e7a P\u00fablica<\/p>\n","protected":false},"excerpt":{"rendered":"<p>A Pol\u00edcia Militar de S\u00e3o Paulo abriu 2.682 vagas para soldado tempor\u00e1rio. Os postos est\u00e3o divididos na Capital e em 133 cidades do Interior e Grande S\u00e3o Paulo. Os ganhos s\u00e3o de dois sal\u00e1rios m\u00ednimos (estadual), que equivalem hoje a R$ 1.060,00. Os interessados devem preencher ficha de inscri\u00e7\u00e3o no site\u00a0 http:\/\/www.vunesp.com.br at\u00e9 as 16 [&hellip;]<\/p>\n","protected":false},"author":3,"featured_media":0,"comment_status":"open","ping_status":"open","sticky":false,"template":"","format":"standard","meta":{"tdm_status":"","tdm_grid_status":"","footnotes":""},"categories":[352,370],"tags":[],"class_list":{"0":"post-15473","1":"post","2":"type-post","3":"status-publish","4":"format-standard","6":"category-concursos","7":"category-inscricao"},"_links":{"self":[{"href":"https:\/\/migracao.redenoticia.com.br\/noticia\/wp-json\/wp\/v2\/posts\/15473","targetHints":{"allow":["GET"]}}],"collection":[{"href":"https:\/\/migracao.redenoticia.com.br\/noticia\/wp-json\/wp\/v2\/posts"}],"about":[{"href":"https:\/\/migracao.redenoticia.com.br\/noticia\/wp-json\/wp\/v2\/types\/post"}],"author":[{"embeddable":true,"href":"https:\/\/migracao.redenoticia.com.br\/noticia\/wp-json\/wp\/v2\/users\/3"}],"replies":[{"embeddable":true,"href":"https:\/\/migracao.redenoticia.com.br\/noticia\/wp-json\/wp\/v2\/comments?post=15473"}],"version-history":[{"count":0,"href":"https:\/\/migracao.redenoticia.com.br\/noticia\/wp-json\/wp\/v2\/posts\/15473\/revisions"}],"wp:attachment":[{"href":"https:\/\/migracao.redenoticia.com.br\/noticia\/wp-json\/wp\/v2\/media?parent=15473"}],"wp:term":[{"taxonomy":"category","embeddable":true,"href":"https:\/\/migracao.redenoticia.com.br\/noticia\/wp-json\/wp\/v2\/categories?post=15473"},{"taxonomy":"post_tag","embeddable":true,"href":"https:\/\/migracao.redenoticia.com.br\/noticia\/wp-json\/wp\/v2\/tags?post=15473"}],"curies":[{"name":"wp","href":"https:\/\/api.w.org\/{rel}","templated":true}]}}