{"id":154749,"date":"2018-10-10T22:23:53","date_gmt":"2018-10-11T01:23:53","guid":{"rendered":"https:\/\/www.redenoticia.com.br\/noticia\/?p=154749"},"modified":"2018-10-10T22:23:53","modified_gmt":"2018-10-11T01:23:53","slug":"metade-dos-casos-de-transtorno-mental-surge-ate-os-14-anos-alerta-oms","status":"publish","type":"post","link":"https:\/\/migracao.redenoticia.com.br\/noticia\/2018\/metade-dos-casos-de-transtorno-mental-surge-ate-os-14-anos-alerta-oms\/154749","title":{"rendered":"Metade dos casos de transtorno mental surge at\u00e9 os 14 anos, alerta OMS"},"content":{"rendered":"<p> A Organiza\u00e7\u00e3o Mundial da Sa\u00fade (OMS) alertou que metade dos casos de <strong><em>transtorno mental<\/em><\/strong> surge at\u00e9 os 14 anos de vida, mas a maioria n\u00e3o \u00e9 detectada ou tratada. Dados da entidade mostram que o suic\u00eddio \u00e9 a segunda principal causa de morte entre pessoas de 15 a 29 anos. J\u00e1 o uso de \u00e1lcool e drogas il\u00edcitas, segundo a OMS, permanece uma importante quest\u00e3o em diversos pa\u00edses, podendo levar a comportamentos de risco como sexo sem prote\u00e7\u00e3o e dire\u00e7\u00e3o perigosa. Transtornos alimentares, de acordo com a entidade, tamb\u00e9m s\u00e3o fonte de preocupa\u00e7\u00e3o.<\/p>\n<p>\u201cFelizmente, h\u00e1 um crescente reconhecimento da import\u00e2ncia de ajudar os jovens a construir a resili\u00eancia mental, desde as primeiras idades, a fim de lidar com os desafios do mundo de hoje. Crescem as evid\u00eancias de que promover e proteger a sa\u00fade do adolescente traz benef\u00edcios n\u00e3o apenas \u00e0 sa\u00fade deles, tanto a curto como a longo prazo, mas tamb\u00e9m \u00e0s economias e \u00e0 sociedade, com jovens adultos saud\u00e1veis capazes de fazer contribui\u00e7\u00f5es maiores \u00e0 for\u00e7a de trabalho, fam\u00edlias, comunidades e sociedade como um todo\u201d, informou a OMS, por meio de comunicado.<\/p>\n<p>Preven\u00e7\u00e3o<br \/>\nAinda de acordo com a OMS, muito pode ser feito para ajudar a construir resili\u00eancia mental desde cedo e contribuir para a preven\u00e7\u00e3o do sofrimento mental entre adolescentes e jovens adultos. A preven\u00e7\u00e3o, segundo a entidade, come\u00e7a com o conhecimento e a compreens\u00e3o dos primeiros sinais e sintomas de alerta de transtornos mentais.<\/p>\n<p>\u201cPais e professores podem ajudar a construir habilidades em crian\u00e7as e adolescentes para ajud\u00e1-los a lidar com os desafios cotidianos em casa e na escola. O apoio psicossocial pode ser fornecido em escolas e outros ambientes comunit\u00e1rios e, \u00e9 claro, o treinamento de profissionais de sa\u00fade para que eles possam detectar e gerenciar transtornos de sa\u00fade mental pode ser implementado, aprimorado ou ampliado\u201d, destacou a organiza\u00e7\u00e3o.<\/p>\n<p>\u201cO investimento por parte dos governos e o envolvimento dos setores social, sa\u00fade e educa\u00e7\u00e3o em programas abrangentes, integrados e baseados em evid\u00eancias para a sa\u00fade mental dos jovens \u00e9 essencial. Esse investimento deve estar vinculado a programas de conscientiza\u00e7\u00e3o de adolescentes e jovens sobre formas de cuidar de sua sa\u00fade mental e ajudar colegas, pais e professores a apoiar seus amigos, filhos e alunos\u201d, concluiu a OMS.<\/p>\n<p> Paula Laboissi\u00e8re &#8211; Rep\u00f3rter da Ag\u00eancia Brasil<br \/>\nEdi\u00e7\u00e3o: Fernando Fraga<br \/>\n10\/10\/2018<\/p>\n","protected":false},"excerpt":{"rendered":"<p>A Organiza\u00e7\u00e3o Mundial da Sa\u00fade (OMS) alertou que metade dos casos de transtorno mental surge at\u00e9 os 14 anos de vida, mas a maioria n\u00e3o \u00e9 detectada ou tratada. Dados da entidade mostram que o suic\u00eddio \u00e9 a segunda principal causa de morte entre pessoas de 15 a 29 anos. J\u00e1 o uso de \u00e1lcool [&hellip;]<\/p>\n","protected":false},"author":2,"featured_media":148099,"comment_status":"open","ping_status":"closed","sticky":false,"template":"","format":"standard","meta":{"tdm_status":"","tdm_grid_status":"","footnotes":""},"categories":[22,5],"tags":[],"class_list":{"0":"post-154749","1":"post","2":"type-post","3":"status-publish","4":"format-standard","5":"has-post-thumbnail","7":"category-brasil","8":"category-saude-e-vida"},"_links":{"self":[{"href":"https:\/\/migracao.redenoticia.com.br\/noticia\/wp-json\/wp\/v2\/posts\/154749","targetHints":{"allow":["GET"]}}],"collection":[{"href":"https:\/\/migracao.redenoticia.com.br\/noticia\/wp-json\/wp\/v2\/posts"}],"about":[{"href":"https:\/\/migracao.redenoticia.com.br\/noticia\/wp-json\/wp\/v2\/types\/post"}],"author":[{"embeddable":true,"href":"https:\/\/migracao.redenoticia.com.br\/noticia\/wp-json\/wp\/v2\/users\/2"}],"replies":[{"embeddable":true,"href":"https:\/\/migracao.redenoticia.com.br\/noticia\/wp-json\/wp\/v2\/comments?post=154749"}],"version-history":[{"count":0,"href":"https:\/\/migracao.redenoticia.com.br\/noticia\/wp-json\/wp\/v2\/posts\/154749\/revisions"}],"wp:featuredmedia":[{"embeddable":true,"href":"https:\/\/migracao.redenoticia.com.br\/noticia\/wp-json\/wp\/v2\/media\/148099"}],"wp:attachment":[{"href":"https:\/\/migracao.redenoticia.com.br\/noticia\/wp-json\/wp\/v2\/media?parent=154749"}],"wp:term":[{"taxonomy":"category","embeddable":true,"href":"https:\/\/migracao.redenoticia.com.br\/noticia\/wp-json\/wp\/v2\/categories?post=154749"},{"taxonomy":"post_tag","embeddable":true,"href":"https:\/\/migracao.redenoticia.com.br\/noticia\/wp-json\/wp\/v2\/tags?post=154749"}],"curies":[{"name":"wp","href":"https:\/\/api.w.org\/{rel}","templated":true}]}}