{"id":154750,"date":"2018-10-10T22:21:59","date_gmt":"2018-10-11T01:21:59","guid":{"rendered":"https:\/\/www.redenoticia.com.br\/noticia\/?p=154750"},"modified":"2018-10-10T22:21:59","modified_gmt":"2018-10-11T01:21:59","slug":"brasil-tem-2-044-casos-confirmados-de-sarampo","status":"publish","type":"post","link":"https:\/\/migracao.redenoticia.com.br\/noticia\/2018\/brasil-tem-2-044-casos-confirmados-de-sarampo\/154750","title":{"rendered":"Brasil tem 2.044 casos confirmados de sarampo"},"content":{"rendered":"<p> O Brasil registrou at\u00e9 8 de outubro 2.044 casos confirmados de <strong><em>sarampo<\/em><\/strong>, sendo 1.629 no Amazonas e 330 em Roraima. Casos isolados foram identificados em S\u00e3o Paulo (3), no Rio de Janeiro (18), no Rio Grande do Sul (36), em Rond\u00f4nia (2), em Pernambuco (4), no Par\u00e1 (17), em Sergipe (4) e no Distrito Federal (1). H\u00e1 ainda, de acordo com dados divulgados pelo Minist\u00e9rio da Sa\u00fade, um total de 7.966 casos em investiga\u00e7\u00e3o.<\/p>\n<p>Os surtos, segundo a pasta, est\u00e3o relacionados \u00e0 importa\u00e7\u00e3o, j\u00e1 que o gen\u00f3tipo do v\u00edrus (D8) que circula no pa\u00eds \u00e9 o mesmo que circula na Venezuela, pa\u00eds que enfrenta surto de sarampo desde 2017. \u201cO Minist\u00e9rio da Sa\u00fade permanece acompanhando a situa\u00e7\u00e3o e prestando o apoio necess\u00e1rio aos estados. Cabe esclarecer que as medidas de bloqueio de vacina\u00e7\u00e3o, mesmo em casos suspeitos, est\u00e3o sendo realizadas em todos os estados\u201d.<\/p>\n<p>At\u00e9 o momento, no Brasil, foram confirmadas dez mortes pela doen\u00e7a, sendo quatro em Roraima (tr\u00eas em estrangeiros e uma em brasileiro), quatro no Amazonas (todos brasileiros, dois de Manaus e dois do munic\u00edpio de Autazes) e dois no Par\u00e1 (ind\u00edgenas venezuelanos).<\/p>\n<p> Paula Laboissi\u00e8re &#8211; Rep\u00f3rter da Ag\u00eancia Brasil<br \/>\nEdi\u00e7\u00e3o: Fernando Fraga<br \/>\n10\/10\/2018<\/p>\n","protected":false},"excerpt":{"rendered":"<p>O Brasil registrou at\u00e9 8 de outubro 2.044 casos confirmados de sarampo, sendo 1.629 no Amazonas e 330 em Roraima. Casos isolados foram identificados em S\u00e3o Paulo (3), no Rio de Janeiro (18), no Rio Grande do Sul (36), em Rond\u00f4nia (2), em Pernambuco (4), no Par\u00e1 (17), em Sergipe (4) e no Distrito Federal [&hellip;]<\/p>\n","protected":false},"author":2,"featured_media":148101,"comment_status":"open","ping_status":"closed","sticky":false,"template":"","format":"standard","meta":{"tdm_status":"","tdm_grid_status":"","footnotes":""},"categories":[22,388,5],"tags":[],"class_list":{"0":"post-154750","1":"post","2":"type-post","3":"status-publish","4":"format-standard","5":"has-post-thumbnail","7":"category-brasil","8":"category-destaques","9":"category-saude-e-vida"},"_links":{"self":[{"href":"https:\/\/migracao.redenoticia.com.br\/noticia\/wp-json\/wp\/v2\/posts\/154750","targetHints":{"allow":["GET"]}}],"collection":[{"href":"https:\/\/migracao.redenoticia.com.br\/noticia\/wp-json\/wp\/v2\/posts"}],"about":[{"href":"https:\/\/migracao.redenoticia.com.br\/noticia\/wp-json\/wp\/v2\/types\/post"}],"author":[{"embeddable":true,"href":"https:\/\/migracao.redenoticia.com.br\/noticia\/wp-json\/wp\/v2\/users\/2"}],"replies":[{"embeddable":true,"href":"https:\/\/migracao.redenoticia.com.br\/noticia\/wp-json\/wp\/v2\/comments?post=154750"}],"version-history":[{"count":0,"href":"https:\/\/migracao.redenoticia.com.br\/noticia\/wp-json\/wp\/v2\/posts\/154750\/revisions"}],"wp:featuredmedia":[{"embeddable":true,"href":"https:\/\/migracao.redenoticia.com.br\/noticia\/wp-json\/wp\/v2\/media\/148101"}],"wp:attachment":[{"href":"https:\/\/migracao.redenoticia.com.br\/noticia\/wp-json\/wp\/v2\/media?parent=154750"}],"wp:term":[{"taxonomy":"category","embeddable":true,"href":"https:\/\/migracao.redenoticia.com.br\/noticia\/wp-json\/wp\/v2\/categories?post=154750"},{"taxonomy":"post_tag","embeddable":true,"href":"https:\/\/migracao.redenoticia.com.br\/noticia\/wp-json\/wp\/v2\/tags?post=154750"}],"curies":[{"name":"wp","href":"https:\/\/api.w.org\/{rel}","templated":true}]}}