{"id":15482,"date":"2009-10-28T11:13:37","date_gmt":"2009-10-28T15:13:37","guid":{"rendered":"http:\/\/www.redenoticia.com.br\/noticia\/?p=15482"},"modified":"2009-10-28T11:13:37","modified_gmt":"2009-10-28T15:13:37","slug":"calor-em-rondonia-bate-recorde-em-outubro-mas-ameniza-esta-semana","status":"publish","type":"post","link":"https:\/\/migracao.redenoticia.com.br\/noticia\/2009\/calor-em-rondonia-bate-recorde-em-outubro-mas-ameniza-esta-semana\/15482","title":{"rendered":"Calor em Rond\u00f4nia bate recorde em outubro, mas ameniza esta semana"},"content":{"rendered":"<p>De acordo com os meteorologistas do Sistema de Prote\u00e7\u00e3o da Amaz\u00f4nia (Sipam), o m\u00eas de outubro tem sido mais quente do que o normal em toda a parte Norte do estado de Rond\u00f4nia. At\u00e9 agora, as temperaturas m\u00e1ximas ficaram cerca de dois graus acima da m\u00e9dia, no m\u00eas que j\u00e1 \u00e9 tradicionalmente o mais quente do ano. Na maioria dos dias de outubro, a temperatura m\u00e1xima ficou al\u00e9m de 35\u00b0C.<\/p>\n<p>O calor intenso tem afetado diretamente a popula\u00e7\u00e3o da capital nos \u00faltimos dias. Na \u00faltima segunda-feira (26), a m\u00e1xima foi de 35.9\u00b0C na cidade, enquanto que o s\u00e1bado e o domingo registraram 35.8\u00b0C de m\u00e1xima. Mesmo assim, o calor n\u00e3o se comparou ao do dia 12 de outubro, quando os term\u00f4metros marcaram 37.4\u00baC, o que marcou o dia como o mais quente do ano. Segundo Luiz Alves, meteorologista, as temperaturas parecem ainda mais altas devido \u00e0 alta umidade do ar. \u201cEstamos tendo umidade m\u00ednima variando entre 40 a 50%, o que nos deixa com a sensa\u00e7\u00e3o t\u00e9rmica de cerca de 40\u00b0C\u201d, explica.<\/p>\n<p>Para quem busca um pouco de al\u00edvio, a boa not\u00edcia \u00e9 que o avan\u00e7o de uma frente fria pelo Sudeste do pa\u00eds organizou instabilidade em Rond\u00f4nia a partir desta ter\u00e7a-feira (27). Por isso, a previs\u00e3o para a semana \u00e9 de dias nublados, com temperaturas mais amenas, entre 32\u00baC e 31\u00b0C. Sobretudo nesta quarta-feira, ocorrer\u00e3o chuvas ocasionais \u00e0 tarde e \u00e0 noite na capital, no norte do Estado e no Vale do Guapor\u00e9. Nas demais \u00e1reas, o dia ser\u00e1 de sol entre muitas nuvens e muito morma\u00e7o, com pancadas de chuva e trovoadas \u00e0 partir da tarde. J\u00e1 no final da semana, o tempo volta a abrir em todo o estado.<\/p>\n","protected":false},"excerpt":{"rendered":"<p>De acordo com os meteorologistas do Sistema de Prote\u00e7\u00e3o da Amaz\u00f4nia (Sipam), o m\u00eas de outubro tem sido mais quente do que o normal em toda a parte Norte do estado de Rond\u00f4nia. At\u00e9 agora, as temperaturas m\u00e1ximas ficaram cerca de dois graus acima da m\u00e9dia, no m\u00eas que j\u00e1 \u00e9 tradicionalmente o mais quente [&hellip;]<\/p>\n","protected":false},"author":2,"featured_media":0,"comment_status":"open","ping_status":"open","sticky":false,"template":"","format":"standard","meta":{"tdm_status":"","tdm_grid_status":"","footnotes":""},"categories":[327],"tags":[],"class_list":{"0":"post-15482","1":"post","2":"type-post","3":"status-publish","4":"format-standard","6":"category-clima"},"_links":{"self":[{"href":"https:\/\/migracao.redenoticia.com.br\/noticia\/wp-json\/wp\/v2\/posts\/15482","targetHints":{"allow":["GET"]}}],"collection":[{"href":"https:\/\/migracao.redenoticia.com.br\/noticia\/wp-json\/wp\/v2\/posts"}],"about":[{"href":"https:\/\/migracao.redenoticia.com.br\/noticia\/wp-json\/wp\/v2\/types\/post"}],"author":[{"embeddable":true,"href":"https:\/\/migracao.redenoticia.com.br\/noticia\/wp-json\/wp\/v2\/users\/2"}],"replies":[{"embeddable":true,"href":"https:\/\/migracao.redenoticia.com.br\/noticia\/wp-json\/wp\/v2\/comments?post=15482"}],"version-history":[{"count":0,"href":"https:\/\/migracao.redenoticia.com.br\/noticia\/wp-json\/wp\/v2\/posts\/15482\/revisions"}],"wp:attachment":[{"href":"https:\/\/migracao.redenoticia.com.br\/noticia\/wp-json\/wp\/v2\/media?parent=15482"}],"wp:term":[{"taxonomy":"category","embeddable":true,"href":"https:\/\/migracao.redenoticia.com.br\/noticia\/wp-json\/wp\/v2\/categories?post=15482"},{"taxonomy":"post_tag","embeddable":true,"href":"https:\/\/migracao.redenoticia.com.br\/noticia\/wp-json\/wp\/v2\/tags?post=15482"}],"curies":[{"name":"wp","href":"https:\/\/api.w.org\/{rel}","templated":true}]}}