{"id":15484,"date":"2009-10-28T11:17:49","date_gmt":"2009-10-28T15:17:49","guid":{"rendered":"http:\/\/www.redenoticia.com.br\/noticia\/?p=15484"},"modified":"2009-10-28T11:17:49","modified_gmt":"2009-10-28T15:17:49","slug":"seguem-abertas-inscricoes-para-o-concurso-do-mdic","status":"publish","type":"post","link":"https:\/\/migracao.redenoticia.com.br\/noticia\/2009\/seguem-abertas-inscricoes-para-o-concurso-do-mdic\/15484","title":{"rendered":"Seguem abertas inscri\u00e7\u00f5es para o concurso do MDIC"},"content":{"rendered":"<p>S\u00e3o 191 vagas para Bras\u00edlia e o sal\u00e1rio chega a R$ 2.643<\/p>\n<p>O Minist\u00e9rio do Desenvolvimento, Ind\u00fastria e Com\u00e9rcio Exterior \u2013 MDIC \u2013 est\u00e1 com inscri\u00e7\u00f5es abertas para o concurso p\u00fablico que vai preencher 191 vagas. Os interessados t\u00eam at\u00e9 o dia 04\/11 para fazerem suas inscri\u00e7\u00f5es. S\u00e3o 50 vagas, sendo tr\u00eas para portadores de defici\u00eancia, para o cargo de analista t\u00e9cnico-administrativo e cinco para t\u00e9cnico em comunica\u00e7\u00e3o social. Ambos os cargos s\u00e3o de n\u00edvel superior e o sal\u00e1rio \u00e9 de R$ 2.643,28. Para o cargo de agente administrativo, de n\u00edvel m\u00e9dio, est\u00e3o sendo abertas 136 vagas, sendo sete para portadores de defici\u00eancia, e a remunera\u00e7\u00e3o de R$ 2.067,30.<\/p>\n<p>A organiza\u00e7\u00e3o do concurso \u00e9 da FUNRIO. As inscri\u00e7\u00f5es seguem agora somente atrav\u00e9s da internet, no endere\u00e7o\u00a0<a href=\"http:\/\/www.funrio.org.br\" target=\"_blank\">www.funrio.org.br<\/a>. A taxa \u00e9 de R$ 37 para o cargo de n\u00edvel m\u00e9dio e R$ 52 para os de n\u00edvel superior. As provas acontecem nas capitais dos estados e no Distrito Federal, mas as vagas s\u00e3o para Bras\u00edlia. O candidato escolhe em qual estado quer realizar a prova. O edital completo com seus anexos, incluindo endere\u00e7o dos postos de inscri\u00e7\u00e3o e conte\u00fado program\u00e1tico, est\u00e3o no site\u00a0<a href=\"http:\/\/www.funrio.org.br\" target=\"_blank\">www.funrio.org.br<\/a>. Outras informa\u00e7\u00f5es podem ser obtidas atrav\u00e9s da central de atendimento: (21) 3972-9357, ou (61) 3344-3670 para os candidatos de Bras\u00edlia.<\/p>\n","protected":false},"excerpt":{"rendered":"<p>S\u00e3o 191 vagas para Bras\u00edlia e o sal\u00e1rio chega a R$ 2.643 O Minist\u00e9rio do Desenvolvimento, Ind\u00fastria e Com\u00e9rcio Exterior \u2013 MDIC \u2013 est\u00e1 com inscri\u00e7\u00f5es abertas para o concurso p\u00fablico que vai preencher 191 vagas. Os interessados t\u00eam at\u00e9 o dia 04\/11 para fazerem suas inscri\u00e7\u00f5es. S\u00e3o 50 vagas, sendo tr\u00eas para portadores de [&hellip;]<\/p>\n","protected":false},"author":2,"featured_media":0,"comment_status":"open","ping_status":"open","sticky":false,"template":"","format":"standard","meta":{"tdm_status":"","tdm_grid_status":"","footnotes":""},"categories":[352,370],"tags":[],"class_list":{"0":"post-15484","1":"post","2":"type-post","3":"status-publish","4":"format-standard","6":"category-concursos","7":"category-inscricao"},"_links":{"self":[{"href":"https:\/\/migracao.redenoticia.com.br\/noticia\/wp-json\/wp\/v2\/posts\/15484","targetHints":{"allow":["GET"]}}],"collection":[{"href":"https:\/\/migracao.redenoticia.com.br\/noticia\/wp-json\/wp\/v2\/posts"}],"about":[{"href":"https:\/\/migracao.redenoticia.com.br\/noticia\/wp-json\/wp\/v2\/types\/post"}],"author":[{"embeddable":true,"href":"https:\/\/migracao.redenoticia.com.br\/noticia\/wp-json\/wp\/v2\/users\/2"}],"replies":[{"embeddable":true,"href":"https:\/\/migracao.redenoticia.com.br\/noticia\/wp-json\/wp\/v2\/comments?post=15484"}],"version-history":[{"count":0,"href":"https:\/\/migracao.redenoticia.com.br\/noticia\/wp-json\/wp\/v2\/posts\/15484\/revisions"}],"wp:attachment":[{"href":"https:\/\/migracao.redenoticia.com.br\/noticia\/wp-json\/wp\/v2\/media?parent=15484"}],"wp:term":[{"taxonomy":"category","embeddable":true,"href":"https:\/\/migracao.redenoticia.com.br\/noticia\/wp-json\/wp\/v2\/categories?post=15484"},{"taxonomy":"post_tag","embeddable":true,"href":"https:\/\/migracao.redenoticia.com.br\/noticia\/wp-json\/wp\/v2\/tags?post=15484"}],"curies":[{"name":"wp","href":"https:\/\/api.w.org\/{rel}","templated":true}]}}