{"id":15498,"date":"2009-10-28T13:48:56","date_gmt":"2009-10-28T17:48:56","guid":{"rendered":"http:\/\/www.redenoticia.com.br\/noticia\/?p=15498"},"modified":"2009-10-28T13:48:56","modified_gmt":"2009-10-28T17:48:56","slug":"concurso-universitario-como-se-comunicar-com-a-crianca-de-maneira-responsavel","status":"publish","type":"post","link":"https:\/\/migracao.redenoticia.com.br\/noticia\/2009\/concurso-universitario-como-se-comunicar-com-a-crianca-de-maneira-responsavel\/15498","title":{"rendered":"Concurso universit\u00e1rio: como se comunicar com a crian\u00e7a de maneira respons\u00e1vel?"},"content":{"rendered":"<p>Universit\u00e1rios de todo o pa\u00eds, nossos futuros profissionais, podem participar da discuss\u00e3o sobre quais as melhores pr\u00e1ticas para a comunica\u00e7\u00e3o voltada \u00e0 crian\u00e7a. Eles t\u00eam at\u00e9 este s\u00e1bado, 31\/10, para entregar uma reda\u00e7\u00e3o de duas p\u00e1ginas sobre o tema &#8220;O Desafio do Marketing Infantil: Ser Criativo, Eficaz e Respons\u00e1vel&#8221;. Os 10 finalistas ter\u00e3o ingresso gratuito na\u00a0<strong>I Confer\u00eancia Internacional de Marketing Infantil \u2013 I CIMI<\/strong>, nos dias 04, 05 e 06 de novembro, em S\u00e3o Paulo, que reunir\u00e1 profissionais de diversas \u00e1reas para debater o tema.<\/p>\n<p>Os tr\u00eas vencedores ser\u00e3o anunciados no \u00faltimo dia do evento (6\/11) e ganhar\u00e3o os pr\u00eamios \u2013 curso de ingl\u00eas no exterior (1\u00ba lugar); c\u00e2mera fotogr\u00e1fica digital e poder\u00e1 fazer uma visita na ag\u00eancia de Marketing Promocional Carpe Diem (2\u00ba lugar) e um mp4 player (3\u00ba lugar). A inscri\u00e7\u00e3o deve ser feita exclusivamente pela internet (<a href=\"http:\/\/www.cimi.carpediemeventos.com.br\" target=\"_blank\">www.cimi.carpediemeventos.com.br<\/a>), onde tamb\u00e9m se encontra o regulamento completo com as instru\u00e7\u00f5es para o desenvolvimento do trabalho.<\/p>\n<p>Aires Jos\u00e9 Leal Fernandes (Brinquedos Estrela), Raul Miranda (Mattel), Carolina Vianna (Nickelodeon), Rafael Gioielli (TV Cultura), Rafael Davini (Turner), Frank Pflaumer (Ag\u00eancia Publicis), Milton Mastrocessario (McCann), Nicolas Montigneaux (Ag\u00eancia Kidekom, Espanha), Rocco Renaldi (Ag\u00eancia Landmark Europe, B\u00e9lgica), Maur\u00edcio de Sousa (criador da Turma da M\u00f4nica), I\u00e7ami Tiba (psiquiatra), al\u00e9m de educadores, nutr\u00f3logos e representantes dos \u00f3rg\u00e3os governamentais, s\u00e3o alguns dos profissionais que estar\u00e3o na confer\u00eancia.<\/p>\n<p><em>* A I Confer\u00eancia Internacional de Marketing Infantil acontece de 4 a 6 de novembro, no audit\u00f3rio da Faculdade de Arquitetura da USP, na Cidade Universit\u00e1ria, S\u00e3o Paulo.<\/em><\/p>\n","protected":false},"excerpt":{"rendered":"<p>Universit\u00e1rios de todo o pa\u00eds, nossos futuros profissionais, podem participar da discuss\u00e3o sobre quais as melhores pr\u00e1ticas para a comunica\u00e7\u00e3o voltada \u00e0 crian\u00e7a. Eles t\u00eam at\u00e9 este s\u00e1bado, 31\/10, para entregar uma reda\u00e7\u00e3o de duas p\u00e1ginas sobre o tema &#8220;O Desafio do Marketing Infantil: Ser Criativo, Eficaz e Respons\u00e1vel&#8221;. Os 10 finalistas ter\u00e3o ingresso gratuito [&hellip;]<\/p>\n","protected":false},"author":2,"featured_media":0,"comment_status":"open","ping_status":"open","sticky":false,"template":"","format":"standard","meta":{"tdm_status":"","tdm_grid_status":"","footnotes":""},"categories":[370,353],"tags":[],"class_list":{"0":"post-15498","1":"post","2":"type-post","3":"status-publish","4":"format-standard","6":"category-inscricao","7":"category-oportunidades"},"_links":{"self":[{"href":"https:\/\/migracao.redenoticia.com.br\/noticia\/wp-json\/wp\/v2\/posts\/15498","targetHints":{"allow":["GET"]}}],"collection":[{"href":"https:\/\/migracao.redenoticia.com.br\/noticia\/wp-json\/wp\/v2\/posts"}],"about":[{"href":"https:\/\/migracao.redenoticia.com.br\/noticia\/wp-json\/wp\/v2\/types\/post"}],"author":[{"embeddable":true,"href":"https:\/\/migracao.redenoticia.com.br\/noticia\/wp-json\/wp\/v2\/users\/2"}],"replies":[{"embeddable":true,"href":"https:\/\/migracao.redenoticia.com.br\/noticia\/wp-json\/wp\/v2\/comments?post=15498"}],"version-history":[{"count":0,"href":"https:\/\/migracao.redenoticia.com.br\/noticia\/wp-json\/wp\/v2\/posts\/15498\/revisions"}],"wp:attachment":[{"href":"https:\/\/migracao.redenoticia.com.br\/noticia\/wp-json\/wp\/v2\/media?parent=15498"}],"wp:term":[{"taxonomy":"category","embeddable":true,"href":"https:\/\/migracao.redenoticia.com.br\/noticia\/wp-json\/wp\/v2\/categories?post=15498"},{"taxonomy":"post_tag","embeddable":true,"href":"https:\/\/migracao.redenoticia.com.br\/noticia\/wp-json\/wp\/v2\/tags?post=15498"}],"curies":[{"name":"wp","href":"https:\/\/api.w.org\/{rel}","templated":true}]}}