{"id":15504,"date":"2009-10-28T14:02:34","date_gmt":"2009-10-28T18:02:34","guid":{"rendered":"http:\/\/www.redenoticia.com.br\/noticia\/?p=15504"},"modified":"2009-10-28T14:02:34","modified_gmt":"2009-10-28T18:02:34","slug":"processo-seletivo-publico-para-admissao-de-medicos-residentes","status":"publish","type":"post","link":"https:\/\/migracao.redenoticia.com.br\/noticia\/2009\/processo-seletivo-publico-para-admissao-de-medicos-residentes\/15504","title":{"rendered":"Processo Seletivo P\u00fablico Para Admiss\u00e3o de M\u00e9dicos Residentes"},"content":{"rendered":"<p>Est\u00e3o abertas as inscri\u00e7\u00f5es do processo seletivo p\u00fablico para provimento de vagas nos programas de resid\u00eancia m\u00e9dica (prm) do hospital das for\u00e7as armadas para o ano de 2010.<\/p>\n<p>De 09\/11 a 20\/11\/2009, no posto de atendimento ou pelo site\u00a0<a href=\"http:\/\/WWW.FUNCAB.ORG\" target=\"_blank\">www.funcab.org<\/a> de 09\/11 a 22\/11\/2009.<\/p>\n<p>Taxa de inscri\u00e7\u00e3o: r$ 115,00 (cento e quinze reais).<\/p>\n<p>As vagas s\u00e3o para as \u00e1reas\/especialidades: cirurgia geral; cirurgia pl\u00e1stica; cl\u00ednica m\u00e9dica; obstetr\u00edcia e ginecologia; oftalmologia; otorrinolaringologia; pneumologia e urologia.<\/p>\n<p>Ser\u00e1 aplicado exame de conhecimentos, mediante realiza\u00e7\u00e3o de prova escrita objetiva, de car\u00e1ter eliminat\u00f3rio e classificat\u00f3rio.<\/p>\n<p>A prova escrita objetiva ter\u00e1 a dura\u00e7\u00e3o de 4 (quatro) horas e ser\u00e1 aplicada, no distrito federal, no dia 06 de dezembro de 2009,\u00a0no turno matutino, com in\u00edcio \u00e0s 08 (oito) horas,<\/p>\n<p>O candidato poder\u00e1 obter informa\u00e7\u00f5es referentes ao processo seletivo p\u00fablico no posto de atendimento \u2013 SCN, quadra 02, lote d \u2013 torre b \u2013 sala 433 \u2013 Edif\u00edcio Liberty Mall, BRAS\u00cdLIA\/DF (das 10h \u00e0s 17h) por meio dos telefones (61) 3328-5331 e (21) 2621-0966 ou pelo site\u00a0\u00a0<a href=\"http:\/\/WWW.FUNCAB.ORG\" target=\"_blank\">www.funcab.org<\/a>.<\/p>\n","protected":false},"excerpt":{"rendered":"<p>Est\u00e3o abertas as inscri\u00e7\u00f5es do processo seletivo p\u00fablico para provimento de vagas nos programas de resid\u00eancia m\u00e9dica (prm) do hospital das for\u00e7as armadas para o ano de 2010. De 09\/11 a 20\/11\/2009, no posto de atendimento ou pelo site\u00a0www.funcab.org de 09\/11 a 22\/11\/2009. Taxa de inscri\u00e7\u00e3o: r$ 115,00 (cento e quinze reais). As vagas s\u00e3o [&hellip;]<\/p>\n","protected":false},"author":2,"featured_media":0,"comment_status":"open","ping_status":"open","sticky":false,"template":"","format":"standard","meta":{"tdm_status":"","tdm_grid_status":"","footnotes":""},"categories":[370,353],"tags":[],"class_list":{"0":"post-15504","1":"post","2":"type-post","3":"status-publish","4":"format-standard","6":"category-inscricao","7":"category-oportunidades"},"_links":{"self":[{"href":"https:\/\/migracao.redenoticia.com.br\/noticia\/wp-json\/wp\/v2\/posts\/15504","targetHints":{"allow":["GET"]}}],"collection":[{"href":"https:\/\/migracao.redenoticia.com.br\/noticia\/wp-json\/wp\/v2\/posts"}],"about":[{"href":"https:\/\/migracao.redenoticia.com.br\/noticia\/wp-json\/wp\/v2\/types\/post"}],"author":[{"embeddable":true,"href":"https:\/\/migracao.redenoticia.com.br\/noticia\/wp-json\/wp\/v2\/users\/2"}],"replies":[{"embeddable":true,"href":"https:\/\/migracao.redenoticia.com.br\/noticia\/wp-json\/wp\/v2\/comments?post=15504"}],"version-history":[{"count":0,"href":"https:\/\/migracao.redenoticia.com.br\/noticia\/wp-json\/wp\/v2\/posts\/15504\/revisions"}],"wp:attachment":[{"href":"https:\/\/migracao.redenoticia.com.br\/noticia\/wp-json\/wp\/v2\/media?parent=15504"}],"wp:term":[{"taxonomy":"category","embeddable":true,"href":"https:\/\/migracao.redenoticia.com.br\/noticia\/wp-json\/wp\/v2\/categories?post=15504"},{"taxonomy":"post_tag","embeddable":true,"href":"https:\/\/migracao.redenoticia.com.br\/noticia\/wp-json\/wp\/v2\/tags?post=15504"}],"curies":[{"name":"wp","href":"https:\/\/api.w.org\/{rel}","templated":true}]}}