{"id":155378,"date":"2018-10-19T00:13:27","date_gmt":"2018-10-19T03:13:27","guid":{"rendered":"https:\/\/www.redenoticia.com.br\/noticia\/?p=155378"},"modified":"2018-11-01T23:06:28","modified_gmt":"2018-11-02T02:06:28","slug":"a-fazenda-10-conectada-votacao-em-perlla-e-rafael-movimenta-a-enquete","status":"publish","type":"post","link":"https:\/\/migracao.redenoticia.com.br\/noticia\/2018\/a-fazenda-10-conectada-votacao-em-perlla-e-rafael-movimenta-a-enquete\/155378","title":{"rendered":"&#8220;A Fazenda&#8221; 10 + Conectada: vota\u00e7\u00e3o em Perlla e Rafael movimentou a enquete"},"content":{"rendered":"<p><img loading=\"lazy\" decoding=\"async\" class=\"alignleft size-thumbnail wp-image-152827\" src=\"https:\/\/migracao.redenoticia.com.br\/noticia\/imagens\/a-fazenda-10-2018-150x112.jpg\" alt=\"\" width=\"150\" height=\"112\" srcset=\"https:\/\/migracao.redenoticia.com.br\/noticia\/imagens\/a-fazenda-10-2018-150x112.jpg 150w, https:\/\/migracao.redenoticia.com.br\/noticia\/imagens\/a-fazenda-10-2018-265x198.jpg 265w, https:\/\/migracao.redenoticia.com.br\/noticia\/imagens\/a-fazenda-10-2018-485x360.jpg 485w\" sizes=\"auto, (max-width: 150px) 100vw, 150px\" \/><strong><em>\u201cA Fazenda\u201d forma\u00e7\u00e3o da ro\u00e7a e vota\u00e7\u00e3o na enquete:<\/em><\/strong> Rafael recebeu 77,36 % dos votos do p\u00fablico e continua no jogo. Perlla se despediu de &#8220;A Fazenda&#8221; 2018. A quarta ro\u00e7a desta edi\u00e7\u00e3o come\u00e7ou na noite desta segunda-feira, 15\/10, quando o apresentador Marcos Mion chamou os pe\u00f5es para a \u00e1rea de vota\u00e7\u00e3o. Com o resultado da enquete sobre o Poder da Chama, a Baia da semana ter\u00e1 quatro moradores. O dono do Poder ser\u00e1 o quarto morador. Jo\u00e3o abriu o Lampi\u00e3o e pegou os poderes. Jo\u00e3o ficou com o poder da chama Azul e ganhou R$ 20.000,00. Ele deu o poder da chama Vermelha para Felipe.<\/p>\n<p>Destaque &#8211; <\/p>\n<p>O Fazendeiro Evandro indicou Perlla para a ro\u00e7a. Os pe\u00f5es apresentaram seus votos nos concorrentes da sede: Felipe e Jo\u00e3o votaram na Nadja. Ca\u00edque, C\u00e1tia, Nadja, Chulapa, Gabi, Fernanda, Luane, Perlla e Leo votaram no Rafael, que votou na Nadja. Perlla, Rafael e Luane formaram a nova ro\u00e7a e disputaram a prova do Fazendeiro nesta ter\u00e7a (16). Os pe\u00f5es tiveram que ter sorte para montarem uma maquete da Fazenda. Luane ganhou a prova e conquistou o cargo de Fazendeiro da Semana. Perlla e Rafael disputaram a prefer\u00eancia do p\u00fablico para continuarem em &#8220;A Fazenda&#8221;. <\/p>\n<p><script type=\"text\/javascript\" charset=\"utf-8\" data-cfasync=\"false\" src=\"https:\/\/secure.polldaddy.com\/p\/10138937.js\"><\/script><br \/>\n<noscript><\/noscript><\/p>\n<p>Resultado parcial<\/p>\n<p>17\/10 01h44 &#8211; Rafael 77,45%; Perlla 22,55%. Total de Votos 6.039.<br \/>\n17\/10 23h15 &#8211; Rafael 75,15%; Perlla 24,85%. Total de Votos 19.171.<br \/>\n18\/10 19h35 &#8211; Rafael 78,04%; Perlla 21,96%. Total de Votos 25.851.<\/p>\n<p>Se voc\u00ea n\u00e3o est\u00e1 vendo a enquete, clique no link &#8211; <\/p>\n<p>O voto v\u00e1lido foi registrado no portal oficial do programa  Rede Record.<\/p>\n<p>&#8212;<\/p>\n<p>Pe\u00f5es &#8220;A Fazenda&#8221; 10 + Conectada<\/p>\n<p>Equipe \u00c1gua &#8211; Leo Stronda; Ca\u00edque Aguiar; Gabi Prado; Fernanda Lacerda; Perlla; Ana Paula Renault; Nadja Pessoa; Luane Dias.<\/p>\n<p>Equipe Terra &#8211; Rafael Ilha; Alo\u00edsio Chulapa; Evandro Santo; Vida Vlatt; Felipe Sertanejo; C\u00e1tia Paganote; Jo\u00e3o Zoli; Sandro Pedroso.<\/p>\n<p>Rede Record &#8220;A Fazenda&#8221; 10 + Conectada<\/p>\n<p>&#8212;<br \/>\nA produ\u00e7\u00e3o da Record junto com a produtora Cygnus estabeleceu o calend\u00e1rio de trabalhos desta temporada de &#8220;A Fazenda&#8221;: a atra\u00e7\u00e3o come\u00e7ar\u00e1 a semana com a Forma\u00e7\u00e3o da Ro\u00e7a, na qual um roceiro ser\u00e1 indicado pelo Fazendeiro, o segundo pelo participante mais votado da sede e o terceiro, escolhido pela segunda pessoa que estiver na ro\u00e7a, que ter\u00e1 o direito de indicar algu\u00e9m da Baia.<\/p>\n<p>No lugar da Prova da Chave, entra a Prova do Fogo, na qual o vencedor adquire poderes especiais para si e para um outro pe\u00e3o.<\/p>\n<p>Na ter\u00e7a-feira, ser\u00e1 o dia da Prova do Fazendeiro, na qual os tr\u00eas roceiros entram na disputa. O Fazendeiro dar\u00e1 as ordens na casa, ganha imunidade por mais uma semana, escapa da Ro\u00e7a e ainda indica um pe\u00e3o na semana seguinte.<\/p>\n<p>Na quarta, ser\u00e3o exibidos os Melhores Momentos do dia, enquanto a quinta-feira ser\u00e1 dia de Elimina\u00e7\u00e3o. Sextas-feiras ter\u00e3o a Prova de Fogo com os membros indicados de cada grupo, no s\u00e1bado eles se divertem na Festa e no domingo, haver\u00e1 uma Atividade Especial.<\/p>\n","protected":false},"excerpt":{"rendered":"<p>\u201cA Fazenda\u201d forma\u00e7\u00e3o da ro\u00e7a e vota\u00e7\u00e3o na enquete: Rafael recebeu 77,36 % dos votos do p\u00fablico e continua no jogo. Perlla se despediu de &#8220;A Fazenda&#8221; 2018. A quarta ro\u00e7a desta edi\u00e7\u00e3o come\u00e7ou na noite desta segunda-feira, 15\/10, quando o apresentador Marcos Mion chamou os pe\u00f5es para a \u00e1rea de vota\u00e7\u00e3o. Com o resultado [&hellip;]<\/p>\n","protected":false},"author":2,"featured_media":152827,"comment_status":"open","ping_status":"closed","sticky":false,"template":"","format":"standard","meta":{"tdm_status":"","tdm_grid_status":"","footnotes":""},"categories":[406,371,343],"tags":[521],"class_list":{"0":"post-155378","1":"post","2":"type-post","3":"status-publish","4":"format-standard","5":"has-post-thumbnail","7":"category-a-fazenda","8":"category-rede-record","9":"category-televisao","10":"tag-enquete"},"_links":{"self":[{"href":"https:\/\/migracao.redenoticia.com.br\/noticia\/wp-json\/wp\/v2\/posts\/155378","targetHints":{"allow":["GET"]}}],"collection":[{"href":"https:\/\/migracao.redenoticia.com.br\/noticia\/wp-json\/wp\/v2\/posts"}],"about":[{"href":"https:\/\/migracao.redenoticia.com.br\/noticia\/wp-json\/wp\/v2\/types\/post"}],"author":[{"embeddable":true,"href":"https:\/\/migracao.redenoticia.com.br\/noticia\/wp-json\/wp\/v2\/users\/2"}],"replies":[{"embeddable":true,"href":"https:\/\/migracao.redenoticia.com.br\/noticia\/wp-json\/wp\/v2\/comments?post=155378"}],"version-history":[{"count":0,"href":"https:\/\/migracao.redenoticia.com.br\/noticia\/wp-json\/wp\/v2\/posts\/155378\/revisions"}],"wp:featuredmedia":[{"embeddable":true,"href":"https:\/\/migracao.redenoticia.com.br\/noticia\/wp-json\/wp\/v2\/media\/152827"}],"wp:attachment":[{"href":"https:\/\/migracao.redenoticia.com.br\/noticia\/wp-json\/wp\/v2\/media?parent=155378"}],"wp:term":[{"taxonomy":"category","embeddable":true,"href":"https:\/\/migracao.redenoticia.com.br\/noticia\/wp-json\/wp\/v2\/categories?post=155378"},{"taxonomy":"post_tag","embeddable":true,"href":"https:\/\/migracao.redenoticia.com.br\/noticia\/wp-json\/wp\/v2\/tags?post=155378"}],"curies":[{"name":"wp","href":"https:\/\/api.w.org\/{rel}","templated":true}]}}