{"id":156214,"date":"2018-10-23T23:54:49","date_gmt":"2018-10-24T02:54:49","guid":{"rendered":"https:\/\/www.redenoticia.com.br\/noticia\/?p=156214"},"modified":"2018-10-23T20:02:01","modified_gmt":"2018-10-23T23:02:01","slug":"treinamento-tecnico-em-bioquimica-de-plantas-com-bolsa-da-fapesp","status":"publish","type":"post","link":"https:\/\/migracao.redenoticia.com.br\/noticia\/2018\/treinamento-tecnico-em-bioquimica-de-plantas-com-bolsa-da-fapesp\/156214","title":{"rendered":"Treinamento t\u00e9cnico em bioqu\u00edmica de plantas com bolsa da FAPESP"},"content":{"rendered":"<p> Ag\u00eancia FAPESP\u00a0\u2013 Um projeto de pesquisa conduzido no Departamento de Bot\u00e2nica do Instituto de Bioci\u00eancias da Universidade de S\u00e3o Paulo (USP) disp\u00f5e de uma vaga de <strong><em>treinamento t\u00e9cnico<\/em><\/strong> n\u00edvel tr\u00eas (TT-3) com bolsa da FAPESP. O prazo de inscri\u00e7\u00e3o termina em 24 de outubro de 2018. A oportunidade est\u00e1 vinculada ao projeto\u00a0\u201c\u201d, coordenado pela professora\u00a0.<\/p>\n<p>O projeto desenvolve um estudo integrado da percep\u00e7\u00e3o e transdu\u00e7\u00e3o dos sinais promovidos pelos estresses durante o desenvolvimento embrion\u00e1rio\u00a0in vitro\u00a0do pinheiro brasileiro, a arauc\u00e1ria.<\/p>\n<p>Os bolsistas aprender\u00e3o t\u00e9cnicas de cultura de tecidos (embriog\u00eanese som\u00e1tica), identificar\u00e3o marcadores fisiol\u00f3gicos, bioqu\u00edmicos e moleculares para o estudo dos processos de embriog\u00eanese som\u00e1tica e zig\u00f3tica em esp\u00e9cies arb\u00f3reas nativas.<\/p>\n<p>Al\u00e9m de gradua\u00e7\u00e3o completa, o candidato deve ter conhecimento b\u00e1sico em Qu\u00edmica e Bioqu\u00edmica, conceitos de cultura de tecidos vegetais e processamento de informa\u00e7\u00e3o gen\u00e9tica (pH, c\u00e1lculos de concentra\u00e7\u00e3o, conceitos DNA\/RNA) e em Microsoft Office (Word, Excel e PowerPoint). Al\u00e9m disso, exige-se experi\u00eancia pr\u00e9via na rotina de laborat\u00f3rio de pesquisa.<\/p>\n<p>As inscri\u00e7\u00f5es devem ser feitas pelo e-mail\u00a0paulaelbl@gmail.com. Devem ser anexados curriculum vitae, carta de interesse, hist\u00f3rico da gradua\u00e7\u00e3o e diploma ou declara\u00e7\u00e3o de conclus\u00e3o de curso.<\/p>\n<p>A avalia\u00e7\u00e3o das qualifica\u00e7\u00f5es dos candidatos ser\u00e1 realizada por meio de an\u00e1lise da documenta\u00e7\u00e3o enviada e posterior entrevista dos pr\u00e9-selecionados. A divulga\u00e7\u00e3o do resultado ser\u00e1 feita por meio de e-mail at\u00e9 29 de outubro.<\/p>\n<p>Mais informa\u00e7\u00f5es sobre a vaga:\u00a0.<\/p>\n<p>A Bolsa de TT-3 tem valor de R$ 1.228,40 mensais. \u00c9 direcionada a alunos graduados do n\u00edvel superior, sem reprova\u00e7\u00f5es no hist\u00f3rico escolar e sem v\u00ednculo empregat\u00edcio. A dedica\u00e7\u00e3o dever\u00e1 ser de 16 a 40 horas semanais \u00e0s atividades de apoio ao projeto de pesquisa. O tempo de bolsa TT-3 ser\u00e1 descontado no caso de o interessado vir a usufruir de Bolsa de Mestrado ou Doutorado Direto.<\/p>\n<p>Mais informa\u00e7\u00f5es sobre as bolsas de Treinamento T\u00e9cnico da FAPESP:\u00a0.<\/p>\n<p>Outras vagas de bolsas, em diversas \u00e1reas do conhecimento, est\u00e3o no site da FAPESP em Oportunidades,\u00a0.<\/p>\n","protected":false},"excerpt":{"rendered":"<p>Ag\u00eancia FAPESP\u00a0\u2013 Um projeto de pesquisa conduzido no Departamento de Bot\u00e2nica do Instituto de Bioci\u00eancias da Universidade de S\u00e3o Paulo (USP) disp\u00f5e de uma vaga de treinamento t\u00e9cnico n\u00edvel tr\u00eas (TT-3) com bolsa da FAPESP. O prazo de inscri\u00e7\u00e3o termina em 24 de outubro de 2018. A oportunidade est\u00e1 vinculada ao projeto\u00a0\u201c\u201d, coordenado pela professora\u00a0. [&hellip;]<\/p>\n","protected":false},"author":2,"featured_media":148101,"comment_status":"open","ping_status":"closed","sticky":false,"template":"","format":"standard","meta":{"tdm_status":"","tdm_grid_status":"","footnotes":""},"categories":[370,353],"tags":[],"class_list":{"0":"post-156214","1":"post","2":"type-post","3":"status-publish","4":"format-standard","5":"has-post-thumbnail","7":"category-inscricao","8":"category-oportunidades"},"_links":{"self":[{"href":"https:\/\/migracao.redenoticia.com.br\/noticia\/wp-json\/wp\/v2\/posts\/156214","targetHints":{"allow":["GET"]}}],"collection":[{"href":"https:\/\/migracao.redenoticia.com.br\/noticia\/wp-json\/wp\/v2\/posts"}],"about":[{"href":"https:\/\/migracao.redenoticia.com.br\/noticia\/wp-json\/wp\/v2\/types\/post"}],"author":[{"embeddable":true,"href":"https:\/\/migracao.redenoticia.com.br\/noticia\/wp-json\/wp\/v2\/users\/2"}],"replies":[{"embeddable":true,"href":"https:\/\/migracao.redenoticia.com.br\/noticia\/wp-json\/wp\/v2\/comments?post=156214"}],"version-history":[{"count":0,"href":"https:\/\/migracao.redenoticia.com.br\/noticia\/wp-json\/wp\/v2\/posts\/156214\/revisions"}],"wp:featuredmedia":[{"embeddable":true,"href":"https:\/\/migracao.redenoticia.com.br\/noticia\/wp-json\/wp\/v2\/media\/148101"}],"wp:attachment":[{"href":"https:\/\/migracao.redenoticia.com.br\/noticia\/wp-json\/wp\/v2\/media?parent=156214"}],"wp:term":[{"taxonomy":"category","embeddable":true,"href":"https:\/\/migracao.redenoticia.com.br\/noticia\/wp-json\/wp\/v2\/categories?post=156214"},{"taxonomy":"post_tag","embeddable":true,"href":"https:\/\/migracao.redenoticia.com.br\/noticia\/wp-json\/wp\/v2\/tags?post=156214"}],"curies":[{"name":"wp","href":"https:\/\/api.w.org\/{rel}","templated":true}]}}