{"id":156217,"date":"2018-10-23T23:57:55","date_gmt":"2018-10-24T02:57:55","guid":{"rendered":"https:\/\/www.redenoticia.com.br\/noticia\/?p=156217"},"modified":"2018-10-23T20:02:44","modified_gmt":"2018-10-23T23:02:44","slug":"eleitor-nao-pode-ser-preso-ate-domingo-28","status":"publish","type":"post","link":"https:\/\/migracao.redenoticia.com.br\/noticia\/2018\/eleitor-nao-pode-ser-preso-ate-domingo-28\/156217","title":{"rendered":"Eleitor n\u00e3o pode ser preso at\u00e9 domingo (28)"},"content":{"rendered":"<p> <strong><em>Nenhum eleitor pode ser preso<\/em><\/strong> ou detido de ter\u00e7a (23) at\u00e9 48 horas ap\u00f3s o t\u00e9rmino da vota\u00e7\u00e3o do segundo turno, no pr\u00f3ximo domingo (28). A proibi\u00e7\u00e3o de pris\u00e3o cinco dias antes da elei\u00e7\u00e3o \u00e9 determinada pelo C\u00f3digo Eleitoral (Lei 4737\/1965), que permite a deten\u00e7\u00e3o nos casos de flagrante delito, senten\u00e7a criminal condenat\u00f3ria por crime inafian\u00e7\u00e1vel ou por desrespeito a salvo-conduto.<\/p>\n<p>De acordo com o Tribunal Superior Eleitoral (TSE), no domingo da elei\u00e7\u00e3o constituem crimes arregimentar outros eleitores, realizar propaganda de boca de urna, usar alto-falante ou amplificador de som, promover com\u00edcio ou carreata e divulgar qualquer tipo de propaganda de partido pol\u00edtico ou candidato.<\/p>\n<p>A publica\u00e7\u00e3o ou o impulsionamento de conte\u00fados na internet tamb\u00e9m s\u00e3o proibidos, podendo apenas ser mantidos em funcionamento as aplica\u00e7\u00f5es e conte\u00fados publicados antes do dia da vota\u00e7\u00e3o, conforme resolu\u00e7\u00e3o do TSE (23551\/2017).<\/p>\n<p>Os praticantes destes crimes podem ser punidos com deten\u00e7\u00e3o de seis meses a um ano, ou pena alternativa de presta\u00e7\u00e3o de servi\u00e7os \u00e0 comunidade pelo mesmo per\u00edodo. O autor do crime tamb\u00e9m pode ter que pagar multa que varia de R$ 5.320,50 a R$ 15.961,50.<\/p>\n<p> Ag\u00eancia Brasil<br \/>\nEdi\u00e7\u00e3o: L\u00edlian Beraldo<br \/>\n23\/10\/2018<\/p>\n","protected":false},"excerpt":{"rendered":"<p>Nenhum eleitor pode ser preso ou detido de ter\u00e7a (23) at\u00e9 48 horas ap\u00f3s o t\u00e9rmino da vota\u00e7\u00e3o do segundo turno, no pr\u00f3ximo domingo (28). A proibi\u00e7\u00e3o de pris\u00e3o cinco dias antes da elei\u00e7\u00e3o \u00e9 determinada pelo C\u00f3digo Eleitoral (Lei 4737\/1965), que permite a deten\u00e7\u00e3o nos casos de flagrante delito, senten\u00e7a criminal condenat\u00f3ria por crime [&hellip;]<\/p>\n","protected":false},"author":2,"featured_media":148590,"comment_status":"open","ping_status":"closed","sticky":false,"template":"","format":"standard","meta":{"tdm_status":"","tdm_grid_status":"","footnotes":""},"categories":[22,388],"tags":[],"class_list":{"0":"post-156217","1":"post","2":"type-post","3":"status-publish","4":"format-standard","5":"has-post-thumbnail","7":"category-brasil","8":"category-destaques"},"_links":{"self":[{"href":"https:\/\/migracao.redenoticia.com.br\/noticia\/wp-json\/wp\/v2\/posts\/156217","targetHints":{"allow":["GET"]}}],"collection":[{"href":"https:\/\/migracao.redenoticia.com.br\/noticia\/wp-json\/wp\/v2\/posts"}],"about":[{"href":"https:\/\/migracao.redenoticia.com.br\/noticia\/wp-json\/wp\/v2\/types\/post"}],"author":[{"embeddable":true,"href":"https:\/\/migracao.redenoticia.com.br\/noticia\/wp-json\/wp\/v2\/users\/2"}],"replies":[{"embeddable":true,"href":"https:\/\/migracao.redenoticia.com.br\/noticia\/wp-json\/wp\/v2\/comments?post=156217"}],"version-history":[{"count":0,"href":"https:\/\/migracao.redenoticia.com.br\/noticia\/wp-json\/wp\/v2\/posts\/156217\/revisions"}],"wp:featuredmedia":[{"embeddable":true,"href":"https:\/\/migracao.redenoticia.com.br\/noticia\/wp-json\/wp\/v2\/media\/148590"}],"wp:attachment":[{"href":"https:\/\/migracao.redenoticia.com.br\/noticia\/wp-json\/wp\/v2\/media?parent=156217"}],"wp:term":[{"taxonomy":"category","embeddable":true,"href":"https:\/\/migracao.redenoticia.com.br\/noticia\/wp-json\/wp\/v2\/categories?post=156217"},{"taxonomy":"post_tag","embeddable":true,"href":"https:\/\/migracao.redenoticia.com.br\/noticia\/wp-json\/wp\/v2\/tags?post=156217"}],"curies":[{"name":"wp","href":"https:\/\/api.w.org\/{rel}","templated":true}]}}