{"id":156290,"date":"2018-10-24T12:41:22","date_gmt":"2018-10-24T15:41:22","guid":{"rendered":"https:\/\/www.redenoticia.com.br\/noticia\/?p=156290"},"modified":"2018-10-24T12:41:22","modified_gmt":"2018-10-24T15:41:22","slug":"resumo-novela-as-aventuras-de-poliana-25-10-luisa-le-as-cartas-de-alice","status":"publish","type":"post","link":"https:\/\/migracao.redenoticia.com.br\/noticia\/2018\/resumo-novela-as-aventuras-de-poliana-25-10-luisa-le-as-cartas-de-alice\/156290","title":{"rendered":"Resumo novela \u201cAs Aventuras de Poliana\u201d 25\/10: Lu\u00edsa l\u00ea as cartas de Alice"},"content":{"rendered":"<p><img loading=\"lazy\" decoding=\"async\" class=\"alignleft size-thumbnail wp-image-148201\" src=\"https:\/\/migracao.redenoticia.com.br\/noticia\/imagens\/poliana-150x112.jpg\" alt=\"\" width=\"150\" height=\"112\" srcset=\"https:\/\/migracao.redenoticia.com.br\/noticia\/imagens\/poliana-150x112.jpg 150w, https:\/\/migracao.redenoticia.com.br\/noticia\/imagens\/poliana-265x198.jpg 265w, https:\/\/migracao.redenoticia.com.br\/noticia\/imagens\/poliana-485x360.jpg 485w, https:\/\/migracao.redenoticia.com.br\/noticia\/imagens\/poliana-534x400.jpg 534w\" sizes=\"auto, (max-width: 150px) 100vw, 150px\" \/><strong><em>Resumo novela \u201cAs Aventuras de Poliana\u201d 25\/10 <\/em><\/strong>: no cap\u00edtulo 117(*) da novela \u201cAs Aventuras de Poliana\u201d, resumo de quinta-feira, 25 de outubro, Ciro leva o computador de Ver\u00f4nica para Jeferson concertar. Raquel avisa Guilherme, pois pode ter alguma foto no computador e descobrir que ele \u00e9 filho de Ver\u00f4nica. Antonio comenta com Nancy que tem as cartas de Alice, que Lu\u00edsa n\u00e3o leu. Poliana monta o mural do contente que ganhou do Sr. Pendleton. Ele acompanha do seu tablet como Poliana distribui as pe\u00e7as no mural, assim poder\u00e1 entend\u00ea-la melhor quando atinge seus objetivos.<\/p>\n<p>Antonio entrega para Lu\u00edsa as cartas que guardou de Alice. Guilherme tenta excluir as fotos dele do computador de Ver\u00f4nica. Lu\u00edsa l\u00ea as cartas de Alice e se emociona. Ver\u00f4nica pergunta para Gleyce como est\u00e1 Vida e d\u00e1 uma foto para Gleyce mostrar para Vida. Gleyce conta para Ver\u00f4nica que Arlete foi expulsa do Comit\u00ea do La\u00e7o Azul. Arlete conta para Lindomar que foi acusada de roubo. Joana, S\u00e9rgio, M\u00e1rio e Luigi celebram o fim das mentiras. Lu\u00edsa entrega para Marcelo a carta do dia em que Poliana conheceu Jo\u00e3o. Poliana mostra para Jo\u00e3o o mural do contente.<\/p>\n<p>Marcelo convida Lu\u00edsa para ir com ele para o Cear\u00e1. Fernanda diz para Durval que j\u00e1 vai voltar para a Europa. Roger fica bravo porque Ver\u00f4nica deu o computador para Jeferson arrumar. Marcelo conversa com Iuri e diz que vai falar com Ruth e pedir libera\u00e7\u00e3o para ir ao Cear\u00e1. Salvador conta para D\u00e9bora que ouviu Marcelo falar de Lu\u00edsa para Iuri. Hel\u00f4 chama Mirela at\u00e9 sua sala por desobedecer as regras da escola. Jeferson vai \u00e0 casa de Ver\u00f4nica entregar o computador. Kessya fala para Filipa que sabe que ela quis prejudicar os pais de Luigi e diz que Yasmim que contou. Joana e S\u00e9rgio chegam juntos a 0110 e s\u00e3o aplaudidos pelos funcion\u00e1rios.<\/p>\n<p>(*) edi\u00e7\u00e3o do SBT, Novela \u201cAs Aventuras de Poliana\u201d, sujeito a altera\u00e7\u00e3o de data e conte\u00fado.<\/p>\n<p>Poliana \u00e9 uma menina extrovertida e de bom cora\u00e7\u00e3o que viajava o Brasil com seus pais, Lorenzo e Alice, no grupo circense Trupe Vagalume. Aos onze anos a garota v\u00ea seu mundo desabar quando seus pais falecem e ela tem que ir morar em S\u00e3o Paulo com sua tia Lu\u00edsa, uma mulher rica e severa, a qual ela n\u00e3o conhecia e que n\u00e3o queria cuidar dela, embora sinta que \u00e9 sua obriga\u00e7\u00e3o pela alma de sua irm\u00e3. Apesar do jeito da rigidez da tia, Poliana decide ter uma vis\u00e3o positiva e inabal\u00e1vel da vida, mesmo nos momentos de dificuldade, tentando levar um pouco de felicidade para a vida de cada um dos seus novos amigos e vizinhos, como o Sr. Pendleton, um homem rico e infeliz por nunca ter tido filhos. Ela vai estudar no col\u00e9gio de Ruth, uma diretora de bom cora\u00e7\u00e3o que a ajuda a se adaptar, mas tem que lidar com as vilanias de Mirela, garota mais velha que n\u00e3o aceita perder a popularidade para uma novata.<\/p>\n","protected":false},"excerpt":{"rendered":"<p>Resumo novela \u201cAs Aventuras de Poliana\u201d 25\/10 : no cap\u00edtulo 117(*) da novela \u201cAs Aventuras de Poliana\u201d, resumo de quinta-feira, 25 de outubro, Ciro leva o computador de Ver\u00f4nica para Jeferson concertar. Raquel avisa Guilherme, pois pode ter alguma foto no computador e descobrir que ele \u00e9 filho de Ver\u00f4nica. Antonio comenta com Nancy que [&hellip;]<\/p>\n","protected":false},"author":4,"featured_media":148663,"comment_status":"open","ping_status":"closed","sticky":false,"template":"","format":"standard","meta":{"tdm_status":"","tdm_grid_status":"","footnotes":""},"categories":[477,379,372,343],"tags":[441],"class_list":{"0":"post-156290","1":"post","2":"type-post","3":"status-publish","4":"format-standard","5":"has-post-thumbnail","7":"category-as-aventuras-de-poliana","8":"category-novelas","9":"category-sbt","10":"category-televisao","11":"tag-resumo-do-dia"},"_links":{"self":[{"href":"https:\/\/migracao.redenoticia.com.br\/noticia\/wp-json\/wp\/v2\/posts\/156290","targetHints":{"allow":["GET"]}}],"collection":[{"href":"https:\/\/migracao.redenoticia.com.br\/noticia\/wp-json\/wp\/v2\/posts"}],"about":[{"href":"https:\/\/migracao.redenoticia.com.br\/noticia\/wp-json\/wp\/v2\/types\/post"}],"author":[{"embeddable":true,"href":"https:\/\/migracao.redenoticia.com.br\/noticia\/wp-json\/wp\/v2\/users\/4"}],"replies":[{"embeddable":true,"href":"https:\/\/migracao.redenoticia.com.br\/noticia\/wp-json\/wp\/v2\/comments?post=156290"}],"version-history":[{"count":0,"href":"https:\/\/migracao.redenoticia.com.br\/noticia\/wp-json\/wp\/v2\/posts\/156290\/revisions"}],"wp:featuredmedia":[{"embeddable":true,"href":"https:\/\/migracao.redenoticia.com.br\/noticia\/wp-json\/wp\/v2\/media\/148663"}],"wp:attachment":[{"href":"https:\/\/migracao.redenoticia.com.br\/noticia\/wp-json\/wp\/v2\/media?parent=156290"}],"wp:term":[{"taxonomy":"category","embeddable":true,"href":"https:\/\/migracao.redenoticia.com.br\/noticia\/wp-json\/wp\/v2\/categories?post=156290"},{"taxonomy":"post_tag","embeddable":true,"href":"https:\/\/migracao.redenoticia.com.br\/noticia\/wp-json\/wp\/v2\/tags?post=156290"}],"curies":[{"name":"wp","href":"https:\/\/api.w.org\/{rel}","templated":true}]}}