{"id":15667,"date":"2009-10-29T17:17:27","date_gmt":"2009-10-29T21:17:27","guid":{"rendered":"http:\/\/www.redenoticia.com.br\/noticia\/?p=15667"},"modified":"2009-10-29T17:17:27","modified_gmt":"2009-10-29T21:17:27","slug":"jovem-de-17-anos-esta-entre-os-concorrentes-do-preludio","status":"publish","type":"post","link":"https:\/\/migracao.redenoticia.com.br\/noticia\/2009\/jovem-de-17-anos-esta-entre-os-concorrentes-do-preludio\/15667","title":{"rendered":"Jovem de 17 anos est\u00e1 entre os concorrentes do Prel\u00fadio"},"content":{"rendered":"<p><a href=\"https:\/\/migracao.redenoticia.com.br\/noticia\/imagens\/\/aluno-t.jpg\"><img loading=\"lazy\" decoding=\"async\" class=\"alignleft size-full wp-image-15668\" title=\"aluno t\" src=\"https:\/\/migracao.redenoticia.com.br\/noticia\/imagens\/\/aluno-t.jpg\" alt=\"aluno t\" width=\"150\" height=\"113\" \/><\/a>O concurso de m\u00fasica cl\u00e1ssica <strong>Prel\u00fadio<\/strong>, promovido e exibido pela <strong>TV Cultura<\/strong>, chega a sua sexta eliminat\u00f3ria neste domingo (1\/11). Gravado no Audit\u00f3rio Franco Zampari, em S\u00e3o Paulo, a etapa trar\u00e1 a apresenta\u00e7\u00e3o de tr\u00eas jovens m\u00fasicos, entre eles uma jovem paulistana de apenas 17 anos, sob a reg\u00eancia do maestro e diretor J\u00falio Medaglia. O programa vai ao ar a partir das 14h30.<\/p>\n<p>Concorrem nesta fase a pianista Beatriz Oliveira (17 anos), de S\u00e3o Paulo\/SP, que traz o Concerto Kv. 41 em sol maior para piano, no 4: mov. I, de Wolfgang Amadeus Mozart; o obo\u00edsta Ricardo Barbosa (25 anos), de S\u00e3o Jos\u00e9 do Rio Preto\/SP, que toca Concerto Kv. 314 para obo\u00e9 e orquestra, tamb\u00e9m de Wolfgang Amadeus Mozart; e a contrabaixista Nat\u00e1lia Terra (21 anos), do Rio de Janeiro\/RJ, que apresenta Can\u00e7\u00e3o e Dan\u00e7a, de Radam\u00e9s Gnatalli.<\/p>\n<p>Os tr\u00eas se apresentar\u00e3o com a Orquestra Prel\u00fadio e ser\u00e3o avaliados por um j\u00fari formado por m\u00fasicos, cr\u00edticos e especialistas.<\/p>\n<p>Nas cinco primeiras eliminat\u00f3rias, o programa selecionou para as semifinais o trompetista Tiago Linck, o violinista Mizael Junior e o percussionista Heri Brandino, o contrabaixista Sanderson Cortez e o pianista Alexsander Ribeiro.<\/p>\n<p>O concurso \u00e9 dividido em onze etapas: oito eliminat\u00f3rias, gravadas no Audit\u00f3rio Franco Zampari; duas semifinais, no Teatro do Col\u00e9gio Santa Cruz; e a final, que, exibida ao vivo, na Sala S\u00e3o Paulo. O vencedor ganhar\u00e1 uma Bolsa de Estudos na Alemanha, patrocinada pelo Instituto Goethe, e a um concerto pr\u00eamio, regido por Medaglia.<\/p>\n","protected":false},"excerpt":{"rendered":"<p>O concurso de m\u00fasica cl\u00e1ssica Prel\u00fadio, promovido e exibido pela TV Cultura, chega a sua sexta eliminat\u00f3ria neste domingo (1\/11). Gravado no Audit\u00f3rio Franco Zampari, em S\u00e3o Paulo, a etapa trar\u00e1 a apresenta\u00e7\u00e3o de tr\u00eas jovens m\u00fasicos, entre eles uma jovem paulistana de apenas 17 anos, sob a reg\u00eancia do maestro e diretor J\u00falio Medaglia. [&hellip;]<\/p>\n","protected":false},"author":3,"featured_media":0,"comment_status":"open","ping_status":"open","sticky":false,"template":"","format":"standard","meta":{"tdm_status":"","tdm_grid_status":"","footnotes":""},"categories":[343],"tags":[],"class_list":{"0":"post-15667","1":"post","2":"type-post","3":"status-publish","4":"format-standard","6":"category-televisao"},"_links":{"self":[{"href":"https:\/\/migracao.redenoticia.com.br\/noticia\/wp-json\/wp\/v2\/posts\/15667","targetHints":{"allow":["GET"]}}],"collection":[{"href":"https:\/\/migracao.redenoticia.com.br\/noticia\/wp-json\/wp\/v2\/posts"}],"about":[{"href":"https:\/\/migracao.redenoticia.com.br\/noticia\/wp-json\/wp\/v2\/types\/post"}],"author":[{"embeddable":true,"href":"https:\/\/migracao.redenoticia.com.br\/noticia\/wp-json\/wp\/v2\/users\/3"}],"replies":[{"embeddable":true,"href":"https:\/\/migracao.redenoticia.com.br\/noticia\/wp-json\/wp\/v2\/comments?post=15667"}],"version-history":[{"count":0,"href":"https:\/\/migracao.redenoticia.com.br\/noticia\/wp-json\/wp\/v2\/posts\/15667\/revisions"}],"wp:attachment":[{"href":"https:\/\/migracao.redenoticia.com.br\/noticia\/wp-json\/wp\/v2\/media?parent=15667"}],"wp:term":[{"taxonomy":"category","embeddable":true,"href":"https:\/\/migracao.redenoticia.com.br\/noticia\/wp-json\/wp\/v2\/categories?post=15667"},{"taxonomy":"post_tag","embeddable":true,"href":"https:\/\/migracao.redenoticia.com.br\/noticia\/wp-json\/wp\/v2\/tags?post=15667"}],"curies":[{"name":"wp","href":"https:\/\/api.w.org\/{rel}","templated":true}]}}