{"id":15679,"date":"2009-10-29T17:13:43","date_gmt":"2009-10-29T21:13:43","guid":{"rendered":"http:\/\/www.redenoticia.com.br\/noticia\/?p=15679"},"modified":"2009-10-29T17:13:43","modified_gmt":"2009-10-29T21:13:43","slug":"manos-e-minas-traz-os-americanos-do-people-under-the-stairs","status":"publish","type":"post","link":"https:\/\/migracao.redenoticia.com.br\/noticia\/2009\/manos-e-minas-traz-os-americanos-do-people-under-the-stairs\/15679","title":{"rendered":"Manos e Minas traz os americanos do People Under The Stairs"},"content":{"rendered":"<p><strong><a href=\"https:\/\/migracao.redenoticia.com.br\/noticia\/imagens\/\/mano-t.jpg\"><img loading=\"lazy\" decoding=\"async\" class=\"alignleft size-full wp-image-15680\" title=\"mano t\" src=\"https:\/\/migracao.redenoticia.com.br\/noticia\/imagens\/\/mano-t.jpg\" alt=\"mano t\" width=\"150\" height=\"113\" srcset=\"https:\/\/migracao.redenoticia.com.br\/noticia\/imagens\/mano-t.jpg 150w, https:\/\/migracao.redenoticia.com.br\/noticia\/imagens\/mano-t-148x112.jpg 148w\" sizes=\"auto, (max-width: 150px) 100vw, 150px\" \/><\/a>Hip hop<\/strong> da melhor qualidade, com mesclas do mais tradicional funk e soul. Esse \u00e9 o som de Thes One e Double K, da dupla People Under The Stairs, que eleva o som do <strong>Manos e Minas<\/strong> deste s\u00e1bado (31\/10), \u00e0s 19h, na <strong>TV Cultura<\/strong>, com apresenta\u00e7\u00e3o de Tha\u00edde.<\/p>\n<p>Em turn\u00ea pelo Brasil na divulga\u00e7\u00e3o do \u00e1lbum Carried Away, o s\u00e9timo do PUTS, eles tocam Tuxedo Rap, Outrun e Trip At The Disco, exibindo toda a varia\u00e7\u00e3o sonora que j\u00e1 \u00e9 uma das marcas da dupla. Em atividade desde 1990, quando se conheceram, a dupla somente teria espa\u00e7o para lan\u00e7ar seu primeiro disco, The Next Step, em 1997, para depois disso nunca mais sa\u00edrem da estrada.<\/p>\n<p>Ainda nesta edi\u00e7\u00e3o do Manos e Minas, o programa fala do filme Salve Geral, de S\u00e9rgio Rezende, para relembrar o dia em que S\u00e3o Paulo, considerada uma das cidades brasileiras mais agitadas, simplesmente parou. Em maio de 2006, devido a amea\u00e7as de atentados por parte do PCC (Primeiro Comando da Capital), os paulistanos se enclausuraram dentro de seus lares.<\/p>\n<p>Ferr\u00e9z entrevista Kendi Sakamoto, um colecionador que sabe tudo de gibis. E para os manos do Campo Limpo, o programa d\u00e1 uma grande dica para quem, mesmo sem f\u00e1cil acesso \u00e0 leitura, gosta de ler: uma bicicloteca. Abarrotada de livros, uma bicicleta funciona como uma biblioteca ambulante e se baseia na confian\u00e7a dos usu\u00e1rios. Basta pegar, ler e devolver.<\/p>\n<p>Manos e Minas surgiu para cobrir uma lacuna na TV aberta, ainda carente de programas que falem diretamente com o jovem de periferia, protagonizados por eles mesmos.<\/p>\n","protected":false},"excerpt":{"rendered":"<p>Hip hop da melhor qualidade, com mesclas do mais tradicional funk e soul. Esse \u00e9 o som de Thes One e Double K, da dupla People Under The Stairs, que eleva o som do Manos e Minas deste s\u00e1bado (31\/10), \u00e0s 19h, na TV Cultura, com apresenta\u00e7\u00e3o de Tha\u00edde. Em turn\u00ea pelo Brasil na divulga\u00e7\u00e3o [&hellip;]<\/p>\n","protected":false},"author":3,"featured_media":0,"comment_status":"open","ping_status":"open","sticky":false,"template":"","format":"standard","meta":{"tdm_status":"","tdm_grid_status":"","footnotes":""},"categories":[343],"tags":[],"class_list":{"0":"post-15679","1":"post","2":"type-post","3":"status-publish","4":"format-standard","6":"category-televisao"},"_links":{"self":[{"href":"https:\/\/migracao.redenoticia.com.br\/noticia\/wp-json\/wp\/v2\/posts\/15679","targetHints":{"allow":["GET"]}}],"collection":[{"href":"https:\/\/migracao.redenoticia.com.br\/noticia\/wp-json\/wp\/v2\/posts"}],"about":[{"href":"https:\/\/migracao.redenoticia.com.br\/noticia\/wp-json\/wp\/v2\/types\/post"}],"author":[{"embeddable":true,"href":"https:\/\/migracao.redenoticia.com.br\/noticia\/wp-json\/wp\/v2\/users\/3"}],"replies":[{"embeddable":true,"href":"https:\/\/migracao.redenoticia.com.br\/noticia\/wp-json\/wp\/v2\/comments?post=15679"}],"version-history":[{"count":0,"href":"https:\/\/migracao.redenoticia.com.br\/noticia\/wp-json\/wp\/v2\/posts\/15679\/revisions"}],"wp:attachment":[{"href":"https:\/\/migracao.redenoticia.com.br\/noticia\/wp-json\/wp\/v2\/media?parent=15679"}],"wp:term":[{"taxonomy":"category","embeddable":true,"href":"https:\/\/migracao.redenoticia.com.br\/noticia\/wp-json\/wp\/v2\/categories?post=15679"},{"taxonomy":"post_tag","embeddable":true,"href":"https:\/\/migracao.redenoticia.com.br\/noticia\/wp-json\/wp\/v2\/tags?post=15679"}],"curies":[{"name":"wp","href":"https:\/\/api.w.org\/{rel}","templated":true}]}}