{"id":156995,"date":"2018-10-30T17:35:12","date_gmt":"2018-10-30T20:35:12","guid":{"rendered":"https:\/\/www.redenoticia.com.br\/noticia\/?p=156995"},"modified":"2018-10-30T17:39:22","modified_gmt":"2018-10-30T20:39:22","slug":"novela-segundo-sol-laureta-manda-karola-enterrar-dulce","status":"publish","type":"post","link":"https:\/\/migracao.redenoticia.com.br\/noticia\/2018\/novela-segundo-sol-laureta-manda-karola-enterrar-dulce\/156995","title":{"rendered":"Novela &#8220;Segundo Sol&#8221;: Laureta manda Karola enterrar Dulce"},"content":{"rendered":"<p><img loading=\"lazy\" decoding=\"async\" src=\"https:\/\/migracao.redenoticia.com.br\/noticia\/imagens\/segundo-sol-resumo-novela-33-150x112.jpg\" alt=\"\" width=\"150\" height=\"112\" class=\"alignleft size-thumbnail wp-image-149463\" srcset=\"https:\/\/migracao.redenoticia.com.br\/noticia\/imagens\/segundo-sol-resumo-novela-33-150x112.jpg 150w, https:\/\/migracao.redenoticia.com.br\/noticia\/imagens\/segundo-sol-resumo-novela-33-265x198.jpg 265w, https:\/\/migracao.redenoticia.com.br\/noticia\/imagens\/segundo-sol-resumo-novela-33-485x360.jpg 485w\" sizes=\"auto, (max-width: 150px) 100vw, 150px\" \/><strong><em>Novela &#8220;Segundo Sol&#8221;:<\/em><\/strong> Dulce (Renata Sorrah) revela para Karola (Deborah Secco) que ela \u00e9 sua neta, mostra fotos de anivers\u00e1rio e diz que teme rea\u00e7\u00e3o de Laureta (Adriana Esteves). Karola duvida da av\u00f3 e Dulce reclama: &#8220;Minha netinha querida, voc\u00ea sempre foi meu xodozinho. Vai me tratar mal como sua m\u00e3e? N\u00e3o faz mal, cora\u00e7\u00e3o de m\u00e3e, cora\u00e7\u00e3o de av\u00f3, \u00e9 s\u00f3 amor&#8221;.<\/p>\n<p>Logo depois, Laureta planeja um novo crime, Dulce dopa a filha e resolve dirigir o carro para fugir. Karola tenta reanimar a m\u00e3e enquanto Dulce bate em uma \u00e1rvore e morre. Laureta melhora, faz Karola (Deborah Secco) cavar a terra para se livrar do corpo de Dulce e tira dela a alian\u00e7a de ouro.<\/p>\n<p>Karola enterra a av\u00f3, volta para sua cobertura e finge que nada aconteceu. Ela pega j\u00f3ias e objetos de valor. Karola se une a Laureta no sequestro do filho de Rosa (Let\u00edcia Colin) <\/p>\n<p>Na novela \u201cSegundo Sol\u201d, Salvador, fim dos anos 90. O ax\u00e9 embala o Carnaval da Bahia. S\u00f3 que quem est\u00e1 em plena decad\u00eancia \u00e9 Beto Falc\u00e3o (Em\u00edlio Dantas), que estourou com o sucesso \u201cAx\u00e9 Pel\u00f4\u201d, hit que fez cantar um pa\u00eds inteiro em 94. Agora, o cach\u00ea vem devagar. E para pagar parte das d\u00edvidas da fam\u00edlia, aceita fazer uma pequena apresenta\u00e7\u00e3o em Aracaju. Numa mar\u00e9 de azar \u2013 que salvar\u00e1 sua vida -, Beto perde o voo e a apresenta\u00e7\u00e3o. O avi\u00e3o que ele pegaria cai, e o cantor \u00e9 dado como morto.<\/p>\n<p>A como\u00e7\u00e3o \u00e9 nacional. Do fracasso, Beto Falc\u00e3o reencontra a fama, mas dessa vez na categoria de mito. Em segredo, v\u00ea sua imagem ser ovacionada e os problemas financeiros da fam\u00edlia se solucionarem. Convencido pela namorada, Karola (Deborah Secco), cujo romance n\u00e3o anda l\u00e1 muito bem, e pelo irm\u00e3o interesseiro Remy (Vladimir Brichta), de que se manter \u201cmorto\u201d \u00e9 a melhor op\u00e7\u00e3o, ele deixa a cidade e se refugia na ilha de Boipor\u00e3.<\/p>\n<p>Fonte: &#8220;Segundo Sol&#8221;, novela da Rede Globo <\/p>\n","protected":false},"excerpt":{"rendered":"<p>Novela &#8220;Segundo Sol&#8221;: Dulce (Renata Sorrah) revela para Karola (Deborah Secco) que ela \u00e9 sua neta, mostra fotos de anivers\u00e1rio e diz que teme rea\u00e7\u00e3o de Laureta (Adriana Esteves). Karola duvida da av\u00f3 e Dulce reclama: &#8220;Minha netinha querida, voc\u00ea sempre foi meu xodozinho. Vai me tratar mal como sua m\u00e3e? N\u00e3o faz mal, cora\u00e7\u00e3o [&hellip;]<\/p>\n","protected":false},"author":2,"featured_media":149463,"comment_status":"open","ping_status":"closed","sticky":false,"template":"","format":"standard","meta":{"tdm_status":"","tdm_grid_status":"","footnotes":""},"categories":[388,379,375,474,343],"tags":[440],"class_list":{"0":"post-156995","1":"post","2":"type-post","3":"status-publish","4":"format-standard","5":"has-post-thumbnail","7":"category-destaques","8":"category-novelas","9":"category-rede-globo","10":"category-segundo-sol","11":"category-televisao","12":"tag-noticia-novela"},"_links":{"self":[{"href":"https:\/\/migracao.redenoticia.com.br\/noticia\/wp-json\/wp\/v2\/posts\/156995","targetHints":{"allow":["GET"]}}],"collection":[{"href":"https:\/\/migracao.redenoticia.com.br\/noticia\/wp-json\/wp\/v2\/posts"}],"about":[{"href":"https:\/\/migracao.redenoticia.com.br\/noticia\/wp-json\/wp\/v2\/types\/post"}],"author":[{"embeddable":true,"href":"https:\/\/migracao.redenoticia.com.br\/noticia\/wp-json\/wp\/v2\/users\/2"}],"replies":[{"embeddable":true,"href":"https:\/\/migracao.redenoticia.com.br\/noticia\/wp-json\/wp\/v2\/comments?post=156995"}],"version-history":[{"count":0,"href":"https:\/\/migracao.redenoticia.com.br\/noticia\/wp-json\/wp\/v2\/posts\/156995\/revisions"}],"wp:featuredmedia":[{"embeddable":true,"href":"https:\/\/migracao.redenoticia.com.br\/noticia\/wp-json\/wp\/v2\/media\/149463"}],"wp:attachment":[{"href":"https:\/\/migracao.redenoticia.com.br\/noticia\/wp-json\/wp\/v2\/media?parent=156995"}],"wp:term":[{"taxonomy":"category","embeddable":true,"href":"https:\/\/migracao.redenoticia.com.br\/noticia\/wp-json\/wp\/v2\/categories?post=156995"},{"taxonomy":"post_tag","embeddable":true,"href":"https:\/\/migracao.redenoticia.com.br\/noticia\/wp-json\/wp\/v2\/tags?post=156995"}],"curies":[{"name":"wp","href":"https:\/\/api.w.org\/{rel}","templated":true}]}}