{"id":1570,"date":"2009-05-12T15:19:42","date_gmt":"2009-05-12T19:19:42","guid":{"rendered":"http:\/\/www.redenoticia.com.br\/noticia\/?p=1570"},"modified":"2009-05-12T15:19:42","modified_gmt":"2009-05-12T19:19:42","slug":"nilton-cesar-assume-prefeitura-de-ji-parana-e-cahulla-o-governo-de-rondonia","status":"publish","type":"post","link":"https:\/\/migracao.redenoticia.com.br\/noticia\/2009\/nilton-cesar-assume-prefeitura-de-ji-parana-e-cahulla-o-governo-de-rondonia\/1570","title":{"rendered":"Nilton C\u00e9sar assume prefeitura de Ji-Paran\u00e1 e Cahulla o Governo de Rond\u00f4nia"},"content":{"rendered":"<p><span style=\"font-family: Arial;\">Segundo informa\u00e7\u00f5es da assessoria, o Presidente da C\u00e2mara Nilton C\u00e9sar(PSB) assumiu o cargo de Prefeito de Ji-Paran\u00e1 por 3 dias.<\/span><\/p>\n<p><span style=\"font-family: Arial;\">Jos\u00e9 de Abreu Bianco(DEM), prefeito reeleito, viajou para Bras\u00edlia e o Vice-Prefeito, Jos\u00e9 Otonio(PSDB), acompanhou a comitiva empresarial ao Peru.<\/span><\/p>\n<p><span style=\"font-family: Arial;\">Em Porto Velho, o governador Ivo Cassol transmitiu seu cargo para o vice-governador Jo\u00e3o Cahulla, que assume o posto enquanto Cassol estiver em busca de interc\u00e2mbio comercial com os pa\u00edses andinos. <\/span><\/p>\n<p><span style=\"font-family: Arial;\">A caravana da miss\u00e3o empresarial vai percorrer 4.200 quil\u00f4metros de ida e volta, e deve retornar ao Brasil no dia 20 de maio.<\/span><\/p>\n","protected":false},"excerpt":{"rendered":"<p>Segundo informa\u00e7\u00f5es da assessoria, o Presidente da C\u00e2mara Nilton C\u00e9sar(PSB) assumiu o cargo de Prefeito de Ji-Paran\u00e1 por 3 dias. Jos\u00e9 de Abreu Bianco(DEM), prefeito reeleito, viajou para Bras\u00edlia e o Vice-Prefeito, Jos\u00e9 Otonio(PSDB), acompanhou a comitiva empresarial ao Peru. Em Porto Velho, o governador Ivo Cassol transmitiu seu cargo para o vice-governador Jo\u00e3o Cahulla, [&hellip;]<\/p>\n","protected":false},"author":3,"featured_media":0,"comment_status":"open","ping_status":"open","sticky":false,"template":"","format":"standard","meta":{"tdm_status":"","tdm_grid_status":"","footnotes":""},"categories":[22],"tags":[],"class_list":{"0":"post-1570","1":"post","2":"type-post","3":"status-publish","4":"format-standard","6":"category-brasil"},"_links":{"self":[{"href":"https:\/\/migracao.redenoticia.com.br\/noticia\/wp-json\/wp\/v2\/posts\/1570","targetHints":{"allow":["GET"]}}],"collection":[{"href":"https:\/\/migracao.redenoticia.com.br\/noticia\/wp-json\/wp\/v2\/posts"}],"about":[{"href":"https:\/\/migracao.redenoticia.com.br\/noticia\/wp-json\/wp\/v2\/types\/post"}],"author":[{"embeddable":true,"href":"https:\/\/migracao.redenoticia.com.br\/noticia\/wp-json\/wp\/v2\/users\/3"}],"replies":[{"embeddable":true,"href":"https:\/\/migracao.redenoticia.com.br\/noticia\/wp-json\/wp\/v2\/comments?post=1570"}],"version-history":[{"count":0,"href":"https:\/\/migracao.redenoticia.com.br\/noticia\/wp-json\/wp\/v2\/posts\/1570\/revisions"}],"wp:attachment":[{"href":"https:\/\/migracao.redenoticia.com.br\/noticia\/wp-json\/wp\/v2\/media?parent=1570"}],"wp:term":[{"taxonomy":"category","embeddable":true,"href":"https:\/\/migracao.redenoticia.com.br\/noticia\/wp-json\/wp\/v2\/categories?post=1570"},{"taxonomy":"post_tag","embeddable":true,"href":"https:\/\/migracao.redenoticia.com.br\/noticia\/wp-json\/wp\/v2\/tags?post=1570"}],"curies":[{"name":"wp","href":"https:\/\/api.w.org\/{rel}","templated":true}]}}