{"id":157007,"date":"2018-10-30T16:09:22","date_gmt":"2018-10-30T19:09:22","guid":{"rendered":"https:\/\/www.redenoticia.com.br\/noticia\/?p=157007"},"modified":"2018-10-30T16:09:22","modified_gmt":"2018-10-30T19:09:22","slug":"doutorado-em-genetica-de-doencas-complexas-com-bolsa-da-fapesp","status":"publish","type":"post","link":"https:\/\/migracao.redenoticia.com.br\/noticia\/2018\/doutorado-em-genetica-de-doencas-complexas-com-bolsa-da-fapesp\/157007","title":{"rendered":"Doutorado em Gen\u00e9tica de doen\u00e7as complexas com bolsa da FAPESP"},"content":{"rendered":"<p> Ag\u00eancia FAPESP\u00a0\u2013 Est\u00e1 dispon\u00edvel uma vaga para <strong><em>doutorado<\/em><\/strong> com bolsa da FAPESP no Laborat\u00f3rio de Gen\u00e9tica e Cardiologia Molecular do Instituto do Cora\u00e7\u00e3o (InCor) do Hospital das Cl\u00ednicas da Faculdade de Medicina da USP. O prazo de inscri\u00e7\u00e3o termina no dia 1\u00ba de novembro de 2018.<\/p>\n<p>A oportunidade est\u00e1 relacionada ao Projeto Tem\u00e1tico\u00a0\u201c\u201d.<\/p>\n<p>O bolsista desenvolver\u00e1 e aplicar\u00e1 ideias inovadoras para um projeto que tem como objetivo a caracteriza\u00e7\u00e3o de genes que influenciam a press\u00e3o arterial. O projeto faz parte de uma pesquisa sistem\u00e1tica para identificar e caracterizar esses genes, executada em colabora\u00e7\u00e3o com o laborat\u00f3rio da University of Texas Southwestern Medical Center, dos Estados Unidos.<\/p>\n<p>Os candidatos devem ter experi\u00eancia em Biologia Celular e Molecular, Fisiologia e\/ou Gen\u00e9tica. Os interessados devem enviar curr\u00edculo, com no m\u00e1ximo duas p\u00e1ginas, e uma carta de apresenta\u00e7\u00e3o para o e-mail do coordenador do projeto, o professor\u00a0\u00a0(krieger@incor.usp.br).<\/p>\n<p>Mais informa\u00e7\u00f5es sobre a vaga:\u00a0.<\/p>\n<p>Os requisitos e benef\u00edcios est\u00e3o dispon\u00edveis em\u00a0.<\/p>\n<p>Outras vagas de bolsas, em diversas \u00e1reas do conhecimento, est\u00e3o no site FAPESP-Oportunidades, em\u00a0.<\/p>\n","protected":false},"excerpt":{"rendered":"<p>Ag\u00eancia FAPESP\u00a0\u2013 Est\u00e1 dispon\u00edvel uma vaga para doutorado com bolsa da FAPESP no Laborat\u00f3rio de Gen\u00e9tica e Cardiologia Molecular do Instituto do Cora\u00e7\u00e3o (InCor) do Hospital das Cl\u00ednicas da Faculdade de Medicina da USP. O prazo de inscri\u00e7\u00e3o termina no dia 1\u00ba de novembro de 2018. A oportunidade est\u00e1 relacionada ao Projeto Tem\u00e1tico\u00a0\u201c\u201d. O bolsista [&hellip;]<\/p>\n","protected":false},"author":2,"featured_media":148092,"comment_status":"open","ping_status":"closed","sticky":false,"template":"","format":"standard","meta":{"tdm_status":"","tdm_grid_status":"","footnotes":""},"categories":[370,353],"tags":[],"class_list":{"0":"post-157007","1":"post","2":"type-post","3":"status-publish","4":"format-standard","5":"has-post-thumbnail","7":"category-inscricao","8":"category-oportunidades"},"_links":{"self":[{"href":"https:\/\/migracao.redenoticia.com.br\/noticia\/wp-json\/wp\/v2\/posts\/157007","targetHints":{"allow":["GET"]}}],"collection":[{"href":"https:\/\/migracao.redenoticia.com.br\/noticia\/wp-json\/wp\/v2\/posts"}],"about":[{"href":"https:\/\/migracao.redenoticia.com.br\/noticia\/wp-json\/wp\/v2\/types\/post"}],"author":[{"embeddable":true,"href":"https:\/\/migracao.redenoticia.com.br\/noticia\/wp-json\/wp\/v2\/users\/2"}],"replies":[{"embeddable":true,"href":"https:\/\/migracao.redenoticia.com.br\/noticia\/wp-json\/wp\/v2\/comments?post=157007"}],"version-history":[{"count":0,"href":"https:\/\/migracao.redenoticia.com.br\/noticia\/wp-json\/wp\/v2\/posts\/157007\/revisions"}],"wp:featuredmedia":[{"embeddable":true,"href":"https:\/\/migracao.redenoticia.com.br\/noticia\/wp-json\/wp\/v2\/media\/148092"}],"wp:attachment":[{"href":"https:\/\/migracao.redenoticia.com.br\/noticia\/wp-json\/wp\/v2\/media?parent=157007"}],"wp:term":[{"taxonomy":"category","embeddable":true,"href":"https:\/\/migracao.redenoticia.com.br\/noticia\/wp-json\/wp\/v2\/categories?post=157007"},{"taxonomy":"post_tag","embeddable":true,"href":"https:\/\/migracao.redenoticia.com.br\/noticia\/wp-json\/wp\/v2\/tags?post=157007"}],"curies":[{"name":"wp","href":"https:\/\/api.w.org\/{rel}","templated":true}]}}