{"id":157101,"date":"2018-11-02T00:03:35","date_gmt":"2018-11-02T03:03:35","guid":{"rendered":"https:\/\/www.redenoticia.com.br\/noticia\/?p=157101"},"modified":"2018-11-15T22:27:39","modified_gmt":"2018-11-16T00:27:39","slug":"a-fazenda-10-conectada-votacao-em-gabi-e-evandro-movimenta-a-enquete","status":"publish","type":"post","link":"https:\/\/migracao.redenoticia.com.br\/noticia\/2018\/a-fazenda-10-conectada-votacao-em-gabi-e-evandro-movimenta-a-enquete\/157101","title":{"rendered":"&#8220;A Fazenda&#8221; 10 + Conectada: vota\u00e7\u00e3o em Gabi e Evandro movimentou a enquete"},"content":{"rendered":"<p><img loading=\"lazy\" decoding=\"async\" class=\"alignleft size-thumbnail wp-image-152827\" src=\"https:\/\/migracao.redenoticia.com.br\/noticia\/imagens\/a-fazenda-10-2018-150x112.jpg\" alt=\"\" width=\"150\" height=\"112\" srcset=\"https:\/\/migracao.redenoticia.com.br\/noticia\/imagens\/a-fazenda-10-2018-150x112.jpg 150w, https:\/\/migracao.redenoticia.com.br\/noticia\/imagens\/a-fazenda-10-2018-265x198.jpg 265w, https:\/\/migracao.redenoticia.com.br\/noticia\/imagens\/a-fazenda-10-2018-485x360.jpg 485w\" sizes=\"auto, (max-width: 150px) 100vw, 150px\" \/><strong><em>\u201cA Fazenda\u201d forma\u00e7\u00e3o da ro\u00e7a e vota\u00e7\u00e3o na enquete:<\/em><\/strong> Evandro recebeu 64,14 % dos votos do p\u00fablico e continua no jogo. Gabi se despediu de &#8220;A Fazenda&#8221; 2018. A sexta ro\u00e7a desta edi\u00e7\u00e3o come\u00e7ou na noite desta segunda-feira, 29\/10, quando o apresentador Marcos Mion chamou os pe\u00f5es para a \u00e1rea de vota\u00e7\u00e3o. Com o resultado da enquete sobre o Poder da Chama Vermelha, o dono do Poder deve votar duas vezes em pe\u00f5es diferentes, um de cada equipe. Jo\u00e3o abriu o Lampi\u00e3o e pegou os poderes. Jo\u00e3o ficou com o poder da chama Azul e deu o poder da chama Vermelha para Ca\u00edque.<\/p>\n<p>Destaque &#8211; <a href=\"https:\/\/migracao.redenoticia.com.br\/noticia\/2018\/a-fazenda-10-conectada-votacao-em-catia-e-luane-movimenta-a-enquete\/158641\">\u201cA Fazenda\u201d 10 + Conectada: vota\u00e7\u00e3o em C\u00e1tia e Luane movimentou a enquete<\/a><\/p>\n<p>O Fazendeiro Rafael indicou a Gabi para a ro\u00e7a. Ca\u00edque usou o Poder da Chama Vermelha e votou em Evandro e Luane. Os pe\u00f5es apresentaram seus votos nos concorrentes da sede: Gabi votou em Evandro. C\u00e1tia votou na Fernanda, que votou no Evandro, que votou na Fernanda. Nadja votou no Jo\u00e3o. Leo, Luane e Jo\u00e3o votaram no Evandro. Felipe votou na Fernanda. Evandro indicou Catia para sair da baia e compor a ro\u00e7a. Jo\u00e3o leu o Poder da chama Azul e deu uma vantagem surpresa para Gabi na prova do Fazendeiro. Gabi, Evandro e Catia formaram a nova ro\u00e7a e disputaram a prova do Fazendeiro na ter\u00e7a (30).<\/p>\n<p>Os pe\u00f5es tiveram que ter sorte para distribuir ferraduras coloridas com pontua\u00e7\u00f5es secretas. Gabi ganhou ferraduras extras como benef\u00edcio do poder da Chama Azul. Catia ganhou a prova e conquistou o cargo de Fazendeiro da Semana. Gabi e Evandro disputaram a prefer\u00eancia do p\u00fablico para continuarem em &#8220;A Fazenda&#8221;. <\/p>\n<p><script type=\"text\/javascript\" charset=\"utf-8\" data-cfasync=\"false\" src=\"https:\/\/secure.polldaddy.com\/p\/10151831.js\"><\/script><br \/>\n<noscript><a href=\"https:\/\/poll.fm\/10151831\">Quem deve continuar em &#8220;A Fazenda&#8221;?<\/a><\/noscript><\/p>\n<p>Se voc\u00ea n\u00e3o est\u00e1 vendo a enquete, clique no link &#8211; <a href=\"https:\/\/migracao.redenoticia.com.br\/noticia\/2018\/a-fazenda-10-conectada-votacao-em-gabi-e-evandro-movimenta-a-enquete\/157101\">&#8220;A Fazenda&#8221; 10 + Conectada: vota\u00e7\u00e3o em Gabi e Evandro movimenta a enquete<\/a><\/p>\n<p>Resultado Parcial<br \/>\n31\/10 00h40 &#8211; Evandro 67,05%; Gabi 32,95%. Total de Votos 3.527.<br \/>\n31\/10 14h14 &#8211; Evandro 69,01%; Gabi 30,99%. Total de Votos 12.677.<br \/>\n01\/11 01h01 &#8211; Evandro 69,35%; Gabi 30,65%. Total de Votos 19.886.<br \/>\n01\/11 08h59 &#8211; Evandro 70,33%. Gabi 29,67%. Total de Votos 21.152.<\/p>\n<p>O voto v\u00e1lido foi registrado no portal oficial do programa <a href=\"http:\/\/afazenda.r7.com\/a-fazenda-10\">&#8220;A Fazenda\u201d 10 + Conectada<\/a> Rede Record.<\/p>\n<p>&#8212;<\/p>\n<p>Pe\u00f5es &#8220;A Fazenda&#8221; 10 + Conectada<\/p>\n<p>Equipe \u00c1gua &#8211; Leo Stronda; Ca\u00edque Aguiar; Gabi Prado; Fernanda Lacerda; Perlla; Ana Paula Renault; Nadja Pessoa; Luane Dias.<\/p>\n<p>Equipe Terra &#8211; Rafael Ilha; Alo\u00edsio Chulapa; Evandro Santo; Vida Vlatt; Felipe Sertanejo; C\u00e1tia Paganote; Jo\u00e3o Zoli; Sandro Pedroso.<\/p>\n<p>Rede Record &#8220;A Fazenda&#8221; 10 + Conectada<\/p>\n<p>&#8212;<br \/>\nA produ\u00e7\u00e3o da Record junto com a produtora Cygnus estabeleceu o calend\u00e1rio de trabalhos desta temporada de &#8220;A Fazenda&#8221;: a atra\u00e7\u00e3o come\u00e7ar\u00e1 a semana com a Forma\u00e7\u00e3o da Ro\u00e7a, na qual um roceiro ser\u00e1 indicado pelo Fazendeiro, o segundo pelo participante mais votado da sede e o terceiro, escolhido pela segunda pessoa que estiver na ro\u00e7a, que ter\u00e1 o direito de indicar algu\u00e9m da Baia.<\/p>\n<p>No lugar da Prova da Chave, entra a Prova do Fogo, na qual o vencedor adquire poderes especiais para si e para um outro pe\u00e3o.<\/p>\n<p>Na ter\u00e7a-feira, ser\u00e1 o dia da Prova do Fazendeiro, na qual os tr\u00eas roceiros entram na disputa. O Fazendeiro dar\u00e1 as ordens na casa, ganha imunidade por mais uma semana, escapa da Ro\u00e7a e ainda indica um pe\u00e3o na semana seguinte.<\/p>\n<p>Na quarta, ser\u00e3o exibidos os Melhores Momentos do dia, enquanto a quinta-feira ser\u00e1 dia de Elimina\u00e7\u00e3o. Sextas-feiras ter\u00e3o a Prova de Fogo com os membros indicados de cada grupo, no s\u00e1bado eles se divertem na Festa e no domingo, haver\u00e1 uma Atividade Especial.<\/p>\n","protected":false},"excerpt":{"rendered":"<p>\u201cA Fazenda\u201d forma\u00e7\u00e3o da ro\u00e7a e vota\u00e7\u00e3o na enquete: Evandro recebeu 64,14 % dos votos do p\u00fablico e continua no jogo. Gabi se despediu de &#8220;A Fazenda&#8221; 2018. A sexta ro\u00e7a desta edi\u00e7\u00e3o come\u00e7ou na noite desta segunda-feira, 29\/10, quando o apresentador Marcos Mion chamou os pe\u00f5es para a \u00e1rea de vota\u00e7\u00e3o. Com o resultado [&hellip;]<\/p>\n","protected":false},"author":2,"featured_media":152827,"comment_status":"open","ping_status":"closed","sticky":false,"template":"","format":"standard","meta":{"tdm_status":"","tdm_grid_status":"","footnotes":""},"categories":[406,371,343],"tags":[521],"class_list":{"0":"post-157101","1":"post","2":"type-post","3":"status-publish","4":"format-standard","5":"has-post-thumbnail","7":"category-a-fazenda","8":"category-rede-record","9":"category-televisao","10":"tag-enquete"},"_links":{"self":[{"href":"https:\/\/migracao.redenoticia.com.br\/noticia\/wp-json\/wp\/v2\/posts\/157101","targetHints":{"allow":["GET"]}}],"collection":[{"href":"https:\/\/migracao.redenoticia.com.br\/noticia\/wp-json\/wp\/v2\/posts"}],"about":[{"href":"https:\/\/migracao.redenoticia.com.br\/noticia\/wp-json\/wp\/v2\/types\/post"}],"author":[{"embeddable":true,"href":"https:\/\/migracao.redenoticia.com.br\/noticia\/wp-json\/wp\/v2\/users\/2"}],"replies":[{"embeddable":true,"href":"https:\/\/migracao.redenoticia.com.br\/noticia\/wp-json\/wp\/v2\/comments?post=157101"}],"version-history":[{"count":0,"href":"https:\/\/migracao.redenoticia.com.br\/noticia\/wp-json\/wp\/v2\/posts\/157101\/revisions"}],"wp:featuredmedia":[{"embeddable":true,"href":"https:\/\/migracao.redenoticia.com.br\/noticia\/wp-json\/wp\/v2\/media\/152827"}],"wp:attachment":[{"href":"https:\/\/migracao.redenoticia.com.br\/noticia\/wp-json\/wp\/v2\/media?parent=157101"}],"wp:term":[{"taxonomy":"category","embeddable":true,"href":"https:\/\/migracao.redenoticia.com.br\/noticia\/wp-json\/wp\/v2\/categories?post=157101"},{"taxonomy":"post_tag","embeddable":true,"href":"https:\/\/migracao.redenoticia.com.br\/noticia\/wp-json\/wp\/v2\/tags?post=157101"}],"curies":[{"name":"wp","href":"https:\/\/api.w.org\/{rel}","templated":true}]}}